{"id":109645,"date":"2017-02-24T23:01:28","date_gmt":"2017-02-25T01:01:28","guid":{"rendered":"http:\/\/aconteceunovale.com.br\/portal\/?p=109645"},"modified":"2017-02-24T23:01:28","modified_gmt":"2017-02-25T01:01:28","slug":"conta-de-luz-tera-bandeira-amarela-em-marco-com-extra-de-r-2-a-cada-100-kwh","status":"publish","type":"post","link":"https:\/\/aconteceunovale.com.br\/portal\/?p=109645","title":{"rendered":"Conta de luz ter\u00e1 bandeira amarela em mar\u00e7o, com extra de R$ 2 a cada 100 kWh"},"content":{"rendered":"<p>A bandeira tarif\u00e1ria que ser\u00e1 aplicada nas contas de luz em mar\u00e7o ser\u00e1 amarela, ou seja, com cobran\u00e7a extra de R$ 2 a cada 100 quilowatts-hora (kWh) consumidos. A bandeira amarela \u00e9 ativada quando \u00e9 preciso acionar mais usinas termel\u00e9tricas, por causa da falta de chuvas.<\/p>\n<p>Segundo a Ag\u00eancia Nacional de Energia El\u00e9trica (Aneel), a previs\u00e3o de chuvas nos reservat\u00f3rios das hidrel\u00e9tricas no m\u00eas de mar\u00e7o ficou abaixo da expectativa anterior, o que levou a indica\u00e7\u00e3o de maior gera\u00e7\u00e3o termel\u00e9trica como medida para preservar os n\u00edveis de armazenamento e garantir o atendimento \u00e0 carga do sistema.<\/p>\n<p>Desde dezembro, a bandeira tarif\u00e1ria estava verde, sem custo extra para os consumidores. Na semana passada, a Aneel aprovou os novos valores para as bandeiras neste ano.<\/p>\n<p>O sistema de bandeiras tarif\u00e1rias foi criado em 2015 como forma de recompor os gastos extras com a utiliza\u00e7\u00e3o de energia de usinas termel\u00e9tricas, que \u00e9 mais cara do que a de hidrel\u00e9tricas. A cor da bandeira \u00e9 impressa na conta de luz (vermelha, amarela ou verde) e indica o custo da energia em fun\u00e7\u00e3o das condi\u00e7\u00f5es de gera\u00e7\u00e3o de eletricidade.<\/p>\n<p>Quando chove menos, por exemplo, os reservat\u00f3rios das hidrel\u00e9tricas ficam mais vazios e \u00e9 preciso acionar mais termel\u00e9tricas para garantir o suprimento de energia no pa\u00eds. Nesse caso, a bandeira fica amarela ou vermelha, de acordo com o custo de opera\u00e7\u00e3o das termel\u00e9tricas acionadas.<\/p>\n<p><strong>VER PRIMEIRO<\/strong><\/p>\n<p><strong>Receba as not\u00edcias do Aconteceu no Vale em primeira m\u00e3o. Clique em curtir no endere\u00e7o <a href=\"https:\/\/www.facebook.com\/aconteceunovale\" target=\"_blank\"><font color=\"red\">www.facebook.com\/aconteceunovale<\/font><\/a> ou no box abaixo:<\/strong><\/p>\n<div class=\"fb-like\" data-href=\"https:\/\/www.facebook.com\/aconteceunovale\" data-width=\"120\" data-layout=\"standard\" data-action=\"like\" data-size=\"small\" data-show-faces=\"true\" data-share=\"true\"><\/div>\n<p><\/br><\/p>\n<p><em>(Ag\u00eancia Brasil)<\/em><\/p>\n","protected":false},"excerpt":{"rendered":"<p>A bandeira tarif\u00e1ria que ser\u00e1 aplicada nas contas de luz em mar\u00e7o ser\u00e1 amarela, ou seja, com cobran\u00e7a extra de R$ 2 a cada 100 quilowatts-hora (kWh) consumidos. A bandeira amarela \u00e9 ativada quando \u00e9 preciso acionar mais usinas termel\u00e9tricas, por causa da falta de chuvas. Segundo a Ag\u00eancia Nacional de Energia El\u00e9trica (Aneel), a [&hellip;]<\/p>\n","protected":false},"author":1,"featured_media":54014,"comment_status":"open","ping_status":"closed","sticky":false,"template":"","format":"standard","meta":{"amp_status":"","footnotes":""},"categories":[6],"tags":[26918,140811,140810,26915,140808,31753,140807,35418,140809],"class_list":["post-109645","post","type-post","status-publish","format-standard","has-post-thumbnail","hentry","category-br","tag-aneel","tag-bandeira-da-conta-de-luz-de-marco","tag-bandeira-tarifaria-de-marco","tag-bandeiras-tarifarias","tag-com-extra-de-r-2-a-cada-100-kwh","tag-conta-de-luz","tag-conta-de-luz-tera-bandeira-amarela-em-marco","tag-energia-eletrica","tag-termeletricas"],"_links":{"self":[{"href":"https:\/\/aconteceunovale.com.br\/portal\/index.php?rest_route=\/wp\/v2\/posts\/109645","targetHints":{"allow":["GET"]}}],"collection":[{"href":"https:\/\/aconteceunovale.com.br\/portal\/index.php?rest_route=\/wp\/v2\/posts"}],"about":[{"href":"https:\/\/aconteceunovale.com.br\/portal\/index.php?rest_route=\/wp\/v2\/types\/post"}],"author":[{"embeddable":true,"href":"https:\/\/aconteceunovale.com.br\/portal\/index.php?rest_route=\/wp\/v2\/users\/1"}],"replies":[{"embeddable":true,"href":"https:\/\/aconteceunovale.com.br\/portal\/index.php?rest_route=%2Fwp%2Fv2%2Fcomments&post=109645"}],"version-history":[{"count":0,"href":"https:\/\/aconteceunovale.com.br\/portal\/index.php?rest_route=\/wp\/v2\/posts\/109645\/revisions"}],"wp:featuredmedia":[{"embeddable":true,"href":"https:\/\/aconteceunovale.com.br\/portal\/index.php?rest_route=\/wp\/v2\/media\/54014"}],"wp:attachment":[{"href":"https:\/\/aconteceunovale.com.br\/portal\/index.php?rest_route=%2Fwp%2Fv2%2Fmedia&parent=109645"}],"wp:term":[{"taxonomy":"category","embeddable":true,"href":"https:\/\/aconteceunovale.com.br\/portal\/index.php?rest_route=%2Fwp%2Fv2%2Fcategories&post=109645"},{"taxonomy":"post_tag","embeddable":true,"href":"https:\/\/aconteceunovale.com.br\/portal\/index.php?rest_route=%2Fwp%2Fv2%2Ftags&post=109645"}],"curies":[{"name":"wp","href":"https:\/\/api.w.org\/{rel}","templated":true}]}}