{"id":109603,"date":"2017-02-23T23:51:40","date_gmt":"2017-02-24T01:51:40","guid":{"rendered":"http:\/\/aconteceunovale.com.br\/portal\/?p=109603"},"modified":"2017-02-23T23:51:40","modified_gmt":"2017-02-24T01:51:40","slug":"duas-pessoas-morrem-em-acidente-com-caminhao-no-norte-de-minas","status":"publish","type":"post","link":"https:\/\/aconteceunovale.com.br\/portal\/?p=109603","title":{"rendered":"Duas pessoas morrem em acidente com caminh\u00e3o no Norte de Minas"},"content":{"rendered":"<p>Duas pessoas morreram em um acidente na MGC-122, no trevo de Mamonas, na madrugada desta quinta-feira (23). De acordo com a Pol\u00edcia Militar, o caminh\u00e3o, com placas da Bahia, capotou pr\u00f3ximo ao trevo da cidade. Os dois sentidos da pista j\u00e1 foram liberados.<\/p>\n<p>A base do Samu de Espinosa compareceu ao local e atestou os \u00f3bitos. O motorista tem 45 anos, mas o passageiro n\u00e3o portava documentos. Bombeiros de Jana\u00faba retiraram as v\u00edtimas das ferragens, e os corpos foram levados para o Instituto M\u00e9dico Legal de Jana\u00faba.<\/p>\n<p>Segunda a pol\u00edcia, as causas do acidente ser\u00e3o investigadas. O capotamento aconteceu em uma reta, ap\u00f3s uma curva. O caminh\u00e3o, carregado de cer\u00e2mica, ser\u00e1 liberado para familiares das v\u00edtimas. A carga n\u00e3o foi saqueada.<\/p>\n<p><img decoding=\"async\" src=\"http:\/\/aconteceunovale.com.br\/portal\/wp-content\/uploads\/2017\/02\/acidente_caminhao_nmg.jpg\" alt=\"\" \/><em>Caminh\u00e3o carregado de cer\u00e2mica capotou na MGC-122 (Foto: Samu\/Divulga\u00e7\u00e3o)<\/em><br \/>\n<\/br><\/p>\n<p><strong>VER PRIMEIRO<\/strong><\/p>\n<p><strong>Receba as not\u00edcias do Aconteceu no Vale em primeira m\u00e3o. Clique em curtir no endere\u00e7o <a href=\"https:\/\/www.facebook.com\/aconteceunovale\" target=\"_blank\"><font color=\"red\">www.facebook.com\/aconteceunovale<\/font><\/a> ou no box abaixo:<\/strong><\/p>\n<div class=\"fb-like\" data-href=\"https:\/\/www.facebook.com\/aconteceunovale\" data-width=\"120\" data-layout=\"standard\" data-action=\"like\" data-size=\"small\" data-show-faces=\"true\" data-share=\"true\"><\/div>\n<p><\/br><\/p>\n<p><em>(G1 Grande Minas)<\/em><\/p>\n","protected":false},"excerpt":{"rendered":"<p>Duas pessoas morreram em um acidente na MGC-122, no trevo de Mamonas, na madrugada desta quinta-feira (23). De acordo com a Pol\u00edcia Militar, o caminh\u00e3o, com placas da Bahia, capotou pr\u00f3ximo ao trevo da cidade. Os dois sentidos da pista j\u00e1 foram liberados. A base do Samu de Espinosa compareceu ao local e atestou os [&hellip;]<\/p>\n","protected":false},"author":1,"featured_media":109604,"comment_status":"open","ping_status":"closed","sticky":false,"template":"","format":"standard","meta":{"amp_status":"","footnotes":""},"categories":[1236],"tags":[140738,140736,140737,140735,140739,140740,1278,204,3673,47325],"class_list":["post-109603","post","type-post","status-publish","format-standard","has-post-thumbnail","hentry","category-norte_de_minas","tag-acidente-caminhao-da-bahia","tag-acidente-com-caminhao-na-mgc-122","tag-acidente-no-trevo-de-mamonas","tag-capotamento-de-caminhao-na-mgc-122","tag-duas-pessoas-morrem-em-acidente-com-caminhao-no-norte-de-minas","tag-duas-pessoas-morrem-em-acidente-com-caminhao-no-trevo-de-mamonas","tag-espinosa","tag-janauba","tag-mamonas","tag-mgc-122"],"_links":{"self":[{"href":"https:\/\/aconteceunovale.com.br\/portal\/index.php?rest_route=\/wp\/v2\/posts\/109603","targetHints":{"allow":["GET"]}}],"collection":[{"href":"https:\/\/aconteceunovale.com.br\/portal\/index.php?rest_route=\/wp\/v2\/posts"}],"about":[{"href":"https:\/\/aconteceunovale.com.br\/portal\/index.php?rest_route=\/wp\/v2\/types\/post"}],"author":[{"embeddable":true,"href":"https:\/\/aconteceunovale.com.br\/portal\/index.php?rest_route=\/wp\/v2\/users\/1"}],"replies":[{"embeddable":true,"href":"https:\/\/aconteceunovale.com.br\/portal\/index.php?rest_route=%2Fwp%2Fv2%2Fcomments&post=109603"}],"version-history":[{"count":0,"href":"https:\/\/aconteceunovale.com.br\/portal\/index.php?rest_route=\/wp\/v2\/posts\/109603\/revisions"}],"wp:featuredmedia":[{"embeddable":true,"href":"https:\/\/aconteceunovale.com.br\/portal\/index.php?rest_route=\/wp\/v2\/media\/109604"}],"wp:attachment":[{"href":"https:\/\/aconteceunovale.com.br\/portal\/index.php?rest_route=%2Fwp%2Fv2%2Fmedia&parent=109603"}],"wp:term":[{"taxonomy":"category","embeddable":true,"href":"https:\/\/aconteceunovale.com.br\/portal\/index.php?rest_route=%2Fwp%2Fv2%2Fcategories&post=109603"},{"taxonomy":"post_tag","embeddable":true,"href":"https:\/\/aconteceunovale.com.br\/portal\/index.php?rest_route=%2Fwp%2Fv2%2Ftags&post=109603"}],"curies":[{"name":"wp","href":"https:\/\/api.w.org\/{rel}","templated":true}]}}