{"id":109600,"date":"2017-02-23T23:46:57","date_gmt":"2017-02-24T01:46:57","guid":{"rendered":"http:\/\/aconteceunovale.com.br\/portal\/?p=109600"},"modified":"2017-02-23T23:46:57","modified_gmt":"2017-02-24T01:46:57","slug":"obra-de-r-13-milhoes-sera-interditada-em-ipatinga","status":"publish","type":"post","link":"https:\/\/aconteceunovale.com.br\/portal\/?p=109600","title":{"rendered":"Obra de R$ 13 milh\u00f5es ser\u00e1 interditada em Ipatinga"},"content":{"rendered":"<p>A Comiss\u00e3o de Urbanismo da C\u00e2mara de Ipatinga se posicionou de forma favor\u00e1vel \u00e0 interdi\u00e7\u00e3o da Avenida Maanain, obra que foi inaugurada em dezembro de 2016 e j\u00e1 custou cerca de R$ 13 milh\u00f5es para os cofres p\u00fablicos. O fechamento da via acontecer\u00e1 nesta sexta-feira (24).<\/p>\n<p>A Comiss\u00e3o apresentou um laudo feito pelos t\u00e9cnicos da prefeitura, onde aponta que 40% da obra n\u00e3o foi conclu\u00edda; entre os principais defeitos est\u00e1 a falta de conten\u00e7\u00e3o e de encostas, e a aus\u00eancia de um trevo que liga a Avenida Manaaim \u00e0 avenida Guido Marliere, no Bairro Igua\u00e7u.<\/p>\n<p>O presidente da Comiss\u00e3o, vereador Jadson Heleno (SD), justificou que as obras no local podem causar risco \u00e0 vida de quem usa a avenida. \u201cN\u00f3s detectamos a necessidade imediata de interdi\u00e7\u00e3o da avenida Maanain, para que as interven\u00e7\u00f5es sejam feitas no local\u201d, disse.<\/p>\n<p>O prazo para a conclus\u00e3o das obras \u00e9 de 60 dias, e, mesmo com a interdi\u00e7\u00e3o, nenhum planejamento de adequa\u00e7\u00e3o nas avenidas vizinhas que v\u00e3o receber o fluxo de ve\u00edculos foi feito pela prefeitura, de acordo com o laudo.<\/p>\n<p>\u201cA obra precisa de uma s\u00e9rie de medidas para que ela resista ao tempo. Da forma que ela est\u00e1, n\u00e3o resistiria \u00e0s pr\u00f3ximas chuvas\u201d, disse o secret\u00e1rio de obras de Ipatinga, Ant\u00f4nio Luiz Caram. <\/p>\n<p>As interven\u00e7\u00f5es previstas pela prefeitura custar\u00e3o cerca de R$ 1,7 milh\u00e3o; valor garantido dentro do pr\u00f3prio or\u00e7amento inicial da obra.<\/p>\n<p><img decoding=\"async\" src=\"http:\/\/aconteceunovale.com.br\/portal\/wp-content\/uploads\/2017\/02\/av_manain.jpeg\" alt=\"\" \/><em>Avenida foi inaugurada em dezembro e ser\u00e1 interditada (Foto: Breno Ver\u00edssimo\/G1)<\/em><br \/>\n<\/br><\/p>\n<p><strong>VER PRIMEIRO<\/strong><\/p>\n<p><strong>Receba as not\u00edcias do Aconteceu no Vale em primeira m\u00e3o. Clique em curtir no endere\u00e7o <a href=\"https:\/\/www.facebook.com\/aconteceunovale\" target=\"_blank\"><font color=\"red\">www.facebook.com\/aconteceunovale<\/font><\/a> ou no box abaixo:<\/strong><\/p>\n<div class=\"fb-like\" data-href=\"https:\/\/www.facebook.com\/aconteceunovale\" data-width=\"120\" data-layout=\"standard\" data-action=\"like\" data-size=\"small\" data-show-faces=\"true\" data-share=\"true\"><\/div>\n<p><\/br><\/p>\n<p><em>(Fonte: G1 dos Vales)<\/em><\/p>\n","protected":false},"excerpt":{"rendered":"<p>A Comiss\u00e3o de Urbanismo da C\u00e2mara de Ipatinga se posicionou de forma favor\u00e1vel \u00e0 interdi\u00e7\u00e3o da Avenida Maanain, obra que foi inaugurada em dezembro de 2016 e j\u00e1 custou cerca de R$ 13 milh\u00f5es para os cofres p\u00fablicos. O fechamento da via acontecer\u00e1 nesta sexta-feira (24). A Comiss\u00e3o apresentou um laudo feito pelos t\u00e9cnicos da [&hellip;]<\/p>\n","protected":false},"author":1,"featured_media":109601,"comment_status":"open","ping_status":"closed","sticky":false,"template":"","format":"standard","meta":{"amp_status":"","footnotes":""},"categories":[121],"tags":[140733,140731,8041,140729,140730,201,140734,140732],"class_list":["post-109600","post","type-post","status-publish","format-standard","has-post-thumbnail","hentry","category-leste","tag-antonio-luiz-caram","tag-avenida-maanain","tag-camara-de-ipatinga","tag-comissao-de-urbanismo-da-camara-de-ipatinga","tag-interdicao-da-avenida-maanain","tag-ipatinga","tag-obra-de-r-13-milhoes-sera-interditada-em-ipatinga","tag-vereador-jadson-heleno"],"_links":{"self":[{"href":"https:\/\/aconteceunovale.com.br\/portal\/index.php?rest_route=\/wp\/v2\/posts\/109600","targetHints":{"allow":["GET"]}}],"collection":[{"href":"https:\/\/aconteceunovale.com.br\/portal\/index.php?rest_route=\/wp\/v2\/posts"}],"about":[{"href":"https:\/\/aconteceunovale.com.br\/portal\/index.php?rest_route=\/wp\/v2\/types\/post"}],"author":[{"embeddable":true,"href":"https:\/\/aconteceunovale.com.br\/portal\/index.php?rest_route=\/wp\/v2\/users\/1"}],"replies":[{"embeddable":true,"href":"https:\/\/aconteceunovale.com.br\/portal\/index.php?rest_route=%2Fwp%2Fv2%2Fcomments&post=109600"}],"version-history":[{"count":0,"href":"https:\/\/aconteceunovale.com.br\/portal\/index.php?rest_route=\/wp\/v2\/posts\/109600\/revisions"}],"wp:featuredmedia":[{"embeddable":true,"href":"https:\/\/aconteceunovale.com.br\/portal\/index.php?rest_route=\/wp\/v2\/media\/109601"}],"wp:attachment":[{"href":"https:\/\/aconteceunovale.com.br\/portal\/index.php?rest_route=%2Fwp%2Fv2%2Fmedia&parent=109600"}],"wp:term":[{"taxonomy":"category","embeddable":true,"href":"https:\/\/aconteceunovale.com.br\/portal\/index.php?rest_route=%2Fwp%2Fv2%2Fcategories&post=109600"},{"taxonomy":"post_tag","embeddable":true,"href":"https:\/\/aconteceunovale.com.br\/portal\/index.php?rest_route=%2Fwp%2Fv2%2Ftags&post=109600"}],"curies":[{"name":"wp","href":"https:\/\/api.w.org\/{rel}","templated":true}]}}