{"id":109595,"date":"2017-02-23T23:09:50","date_gmt":"2017-02-24T01:09:50","guid":{"rendered":"http:\/\/aconteceunovale.com.br\/portal\/?p=109595"},"modified":"2017-02-23T23:09:50","modified_gmt":"2017-02-24T01:09:50","slug":"vice-presidente-da-camara-rompe-com-o-governo-temer","status":"publish","type":"post","link":"https:\/\/aconteceunovale.com.br\/portal\/?p=109595","title":{"rendered":"Vice-presidente da C\u00e2mara rompe com o governo Temer"},"content":{"rendered":"<p>Primeiro vice-presidente da C\u00e2mara e coordenador da bancada de Minas Gerais na Casa, o deputado F\u00e1bio Ramalho (PMDB-MG) anunciou nesta quinta-feira (23\/02) rompimento pessoal com o governo Michel Temer. O an\u00fancio foi uma rea\u00e7\u00e3o \u00e0 indica\u00e7\u00e3o do deputado Osmar Serraglio (PMDB-PR) para o comando do Minist\u00e9rio da Justi\u00e7a, cargo que era cobi\u00e7ado pela bancada mineira.<\/p>\n<p>&#8220;Estou rompendo com o governo e vou colocar toda a bancada de Minas para romper tamb\u00e9m. Se Minas Gerais n\u00e3o tem ningu\u00e9m capacitado para ser ministro, n\u00e3o devemos apoiar esse governo. Vou trabalhar no plen\u00e1rio contra o governo, para derrotar o governo em tudo. A vice-presid\u00eancia da C\u00e2mara vai ser um ponto de apoio aos que n\u00e3o est\u00e3o contentes com o governo&#8221; afirmou Ramalho em entrevista ao Broadcast Pol\u00edtico.<\/p>\n<p>Ramalho defendia o nome de um mineiro para substituir Alexandre de Moraes no Minist\u00e9rio da Justi\u00e7a. &#8220;Minas n\u00e3o aceita mais ficar sem minist\u00e9rio. Minas quer participar do governo. Temos a segunda maior economia do Brasil, a segunda maior popula\u00e7\u00e3o; Fomos a bancada que deu mais votos para o impeachment (da ex-presidente Dilma Rousseff&#8221;, cobrou em entrevista \u00e0 imprensa no in\u00edcio de fevereiro.<\/p>\n<p><img decoding=\"async\" src=\"http:\/\/aconteceunovale.com.br\/portal\/wp-content\/uploads\/2017\/02\/fabio_lideranca.jpg\" alt=\"\" \/><em>F\u00e1bio Ramalho rompe com o governo Temer (Foto: Wilson Dias\/Ag\u00eancia Brasil)<\/em><br \/>\n<\/br><\/p>\n<p>O nome defendido pela bancada mineira &#8211; a segunda maior da C\u00e2mara, com 53 deputados &#8211; para a Justi\u00e7a era o do deputado Rodrigo Pacheco (PMDB-MG). O peemedebista, por\u00e9m, perdeu for\u00e7a para ocupar o cargo, ap\u00f3s virem \u00e0 tona cr\u00edticas feitas por ele ao poder de investiga\u00e7\u00e3o do Minist\u00e9rio P\u00fablico. Em 2013, Pacheco se posicionou contra o poder de investiga\u00e7\u00e3o do MP, quando a C\u00e2mara discutia PEC sobre o tema. Ap\u00f3s protestos p\u00fablicos, a proposta foi engavetada.<\/p>\n<p>O rompimento de Ramalho, se levado a cabo, pode trazer complica\u00e7\u00f5es para o presidente Michel Temer. Como o Brasil est\u00e1 sem vice-presidente da Rep\u00fablica, o 1\u00ba vice-presidente da C\u00e2mara assumir\u00e1 o comando da Casa sempre que Temer viajar e o atual presidente da C\u00e2mara, Rodrigo Maia (DEM-RJ), assumir a presid\u00eancia do Pa\u00eds. Como presidente da Casa, caber\u00e1 a Ramalho definir a pauta de vota\u00e7\u00f5es.<\/p>\n<p>Em entrevista ao Broadcast Pol\u00edtico, Ramalho j\u00e1 deu o tom de como trabalhar\u00e1 contra o governo Temer na C\u00e2mara. &#8220;Essa reforma da previd\u00eancia \u00e9 uma vergonha. Vamos votar contra. Queremos uma reforma justa, que seja constru\u00edda pelo parlamento, e n\u00e3o que venha do Pal\u00e1cio do Planalto&#8221;, disse Ramalho, que foi eleito 1\u00ba vice-presidente da Casa de forma avulsa, contra o candidato oficial da bancada.<\/p>\n<p><strong>VER PRIMEIRO<\/strong><\/p>\n<p><strong>Receba as not\u00edcias do Aconteceu no Vale em primeira m\u00e3o. Clique em curtir no endere\u00e7o <a href=\"https:\/\/www.facebook.com\/aconteceunovale\" target=\"_blank\"><font color=\"red\">www.facebook.com\/aconteceunovale<\/font><\/a> ou no box abaixo:<\/strong><\/p>\n<div class=\"fb-like\" data-href=\"https:\/\/www.facebook.com\/aconteceunovale\" data-width=\"120\" data-layout=\"standard\" data-action=\"like\" data-size=\"small\" data-show-faces=\"true\" data-share=\"true\"><\/div>\n<p><\/br><\/p>\n<p><em>(Fonte: Estad\u00e3o Conte\u00fado\/Hoje em Dia)<\/em><\/p>\n","protected":false},"excerpt":{"rendered":"<p>Primeiro vice-presidente da C\u00e2mara e coordenador da bancada de Minas Gerais na Casa, o deputado F\u00e1bio Ramalho (PMDB-MG) anunciou nesta quinta-feira (23\/02) rompimento pessoal com o governo Michel Temer. O an\u00fancio foi uma rea\u00e7\u00e3o \u00e0 indica\u00e7\u00e3o do deputado Osmar Serraglio (PMDB-PR) para o comando do Minist\u00e9rio da Justi\u00e7a, cargo que era cobi\u00e7ado pela bancada mineira. [&hellip;]<\/p>\n","protected":false},"author":1,"featured_media":109045,"comment_status":"open","ping_status":"closed","sticky":false,"template":"","format":"standard","meta":{"amp_status":"","footnotes":""},"categories":[6,40240],"tags":[140724,21888,140720,104247,41240,140723,20181,19903,138147,140721,140718,140722,140719,140725],"class_list":["post-109595","post","type-post","status-publish","format-standard","has-post-thumbnail","hentry","category-br","category-politica-2","tag-broadcast-politico","tag-camara","tag-coordenador-da-bancada-de-minas-gerais","tag-deputado-fabio-ramalho","tag-fabio-ramalho","tag-indicacao-de-osmar-serraglio-para-o-ministerio-da-justica","tag-michel-temer","tag-ministerio-da-justica","tag-osmar-serraglio","tag-pmdb-mg","tag-primeiro-vice-presidente-da-camara","tag-rompimento-pessoal-com-o-governo-michel-temer","tag-vice-presidente-da-camara","tag-vice-presidente-da-camara-rompe-com-o-governo-temer"],"_links":{"self":[{"href":"https:\/\/aconteceunovale.com.br\/portal\/index.php?rest_route=\/wp\/v2\/posts\/109595","targetHints":{"allow":["GET"]}}],"collection":[{"href":"https:\/\/aconteceunovale.com.br\/portal\/index.php?rest_route=\/wp\/v2\/posts"}],"about":[{"href":"https:\/\/aconteceunovale.com.br\/portal\/index.php?rest_route=\/wp\/v2\/types\/post"}],"author":[{"embeddable":true,"href":"https:\/\/aconteceunovale.com.br\/portal\/index.php?rest_route=\/wp\/v2\/users\/1"}],"replies":[{"embeddable":true,"href":"https:\/\/aconteceunovale.com.br\/portal\/index.php?rest_route=%2Fwp%2Fv2%2Fcomments&post=109595"}],"version-history":[{"count":0,"href":"https:\/\/aconteceunovale.com.br\/portal\/index.php?rest_route=\/wp\/v2\/posts\/109595\/revisions"}],"wp:featuredmedia":[{"embeddable":true,"href":"https:\/\/aconteceunovale.com.br\/portal\/index.php?rest_route=\/wp\/v2\/media\/109045"}],"wp:attachment":[{"href":"https:\/\/aconteceunovale.com.br\/portal\/index.php?rest_route=%2Fwp%2Fv2%2Fmedia&parent=109595"}],"wp:term":[{"taxonomy":"category","embeddable":true,"href":"https:\/\/aconteceunovale.com.br\/portal\/index.php?rest_route=%2Fwp%2Fv2%2Fcategories&post=109595"},{"taxonomy":"post_tag","embeddable":true,"href":"https:\/\/aconteceunovale.com.br\/portal\/index.php?rest_route=%2Fwp%2Fv2%2Ftags&post=109595"}],"curies":[{"name":"wp","href":"https:\/\/api.w.org\/{rel}","templated":true}]}}