{"id":109549,"date":"2017-02-22T23:18:27","date_gmt":"2017-02-23T01:18:27","guid":{"rendered":"http:\/\/aconteceunovale.com.br\/portal\/?p=109549"},"modified":"2017-02-22T23:18:27","modified_gmt":"2017-02-23T01:18:27","slug":"direto-de-brasilia-coluna-jerusia-arruda-5","status":"publish","type":"post","link":"https:\/\/aconteceunovale.com.br\/portal\/?p=109549","title":{"rendered":"Direto de Bras\u00edlia \u2013 Coluna Jer\u00fasia Arruda"},"content":{"rendered":"<p><center><img decoding=\"async\" src=\"http:\/\/aconteceunovale.com.br\/portal\/wp-content\/uploads\/2017\/01\/jerusia_arruda.jpg\" alt=\"\" \/><a href=\"https:\/\/www.facebook.com\/jerusia.arruda\" target=\"_blank\">JER\u00daSIA ARRUDA &#8211; <font color=\"blue\">www.facebook.com\/jerusia.arruda<\/font><\/a><\/center><br \/>\n<\/br><\/p>\n<p><strong>SUL-AMERICANO DE V\u00d4LEI<\/strong><br \/>\nComo norte-mineira, \u00e9 um orgulho assistir ao notici\u00e1rio esportivo na capital federal e ver Montes Claros ser destacada por sediar o Sul-Americano de Voleibol Masculino de Clubes, a maior competi\u00e7\u00e3o da Am\u00e9rica do Sul, que transformou a cidade mineira na capital do v\u00f4lei. A competi\u00e7\u00e3o iniciou no dia 21 e ir\u00e1 at\u00e9 s\u00e1bado, reunindo 7 representantes de 05 pa\u00edses, sob a coordena\u00e7\u00e3o da Confedera\u00e7\u00e3o Sul-Americana de Voleibol e organiza\u00e7\u00e3o do Montes Claros V\u00f4lei.<\/p>\n<p><strong>RECESSO PRIVILEGIADO<\/strong><br \/>\nA C\u00e2mara dos Deputados entrou em recesso de Carnaval nesta quarta-feira e, diferentemente da maioria dos trabalhadores brasileiros que retomam suas atividades na quarta-feira de cinzas, os parlamentares ter\u00e3o 15 dias de folga, retornando \u00e0s suas atividades no dia 7 de mar\u00e7o, sem previs\u00e3o de corte ou desconto no sal\u00e1rio. <\/p>\n<p><strong>VISITA AO CONGRESSO<\/strong><br \/>\nQuem quiser aproveitar os dias de folga no feriado de Carnaval para visitar o Congresso Nacional, haver\u00e1 expediente normal, com abertura \u00e0s 8h30 e as visitas a partir das 9h. O \u00faltimo tour \u00e9 sempre \u00e0s 17h30. Apenas na quarta-feira de Cinzas (29) haver\u00e1 hor\u00e1rio especial, com abertura \u00e0s 13h e in\u00edcio das visitas \u00e0s 13h30. O ponto de partida ser\u00e1 pela rampa principal do Pal\u00e1cio do Congresso. Organizada pelas equipes de Rela\u00e7\u00f5es P\u00fablicas da C\u00e2mara dos Deputados e do Senado Federal, a visita guiada tem dura\u00e7\u00e3o aproximada de 50 minutos e a cada meia hora sai um novo grupo<\/p>\n<p><strong>MORAES \u00c9 APROVADO<\/strong><br \/>\nDepois de uma exaustiva sabatina que durou mais de 11h, na \u00faltima ter\u00e7a-feira, o ministro da Justi\u00e7a licenciado, Alexandre de Moraes, foi aprovado na Comiss\u00e3o de Constitui\u00e7\u00e3o e Justi\u00e7a do Senado para o cargo de ministro do Supremo Tribunal Federal, por 19 votos a 7. Na manh\u00e3 desta quarta-feira, Moraes enfrentou novo crivo, quando a decis\u00e3o da CCJ foi submetida \u00e0 aprova\u00e7\u00e3o do plen\u00e1rio do Senado, sendo aprovada por 55 votos a 13. Com o resultado, Alexandre Moraes, aos 49 anos, passa a ocupar a vaga no STF, deixada por Teori Zavascki, que morreu em um acidente a\u00e9reo em Paraty (RJ), no \u00faltimo m\u00eas de janeiro, permanecendo na cadeira at\u00e9 completar 75 anos, quando tem de se aposentar.<\/p>\n<p><strong>HIST\u00d3RICO<\/strong><br \/>\nMoraes \u00e9 o 27\u00ba nome a ser indicado para o STF desde a redemocratiza\u00e7\u00e3o do pa\u00eds, em 1985, e o 25\u00ba sob a vig\u00eancia da Constitui\u00e7\u00e3o Federal de 1988. Ele \u00e9 e o quarto ex-ministro da Justi\u00e7a a ser agraciado com a nomea\u00e7\u00e3o no mesmo per\u00edodo. Antes dele, Nelson Jobim (1997), Maur\u00edcio Corr\u00eaa (1994) e Paulo Brossard (1989) tamb\u00e9m foram indicados. Apenas Corr\u00eaa n\u00e3o ocupava o cargo no momento da indica\u00e7\u00e3o \u2013 era senador pelo Distrito Federal e havia deixado o Minist\u00e9rio sete meses antes. A indica\u00e7\u00e3o de Moraes \u00e9 a primeira de um ministro de Estado em exerc\u00edcio desde 2009. <\/p>\n<p><strong>PROCESSO A JATO<\/strong><br \/>\nAo todo, o processo de confirma\u00e7\u00e3o de Alexandre de Moraes levou 35 dias, entre a vac\u00e2ncia da cadeira de Teori Zavascki e a vota\u00e7\u00e3o desta quarta-feira no Senado. Ele foi o nome com escolha mais r\u00e1pida entre os \u00faltimos seis ministros conduzidos ao tribunal e desde Toffoli, que foi confirmado em 30 dias. A \u00faltima indica\u00e7\u00e3o, a de Edson Fachin, em 2015, levou 293 dias para se confirmar e foi a mais longa do novo per\u00edodo democr\u00e1tico brasileiro.<\/p>\n<p><strong>O NOVO MINISTRO<\/strong><br \/>\nAlexandre de Moraes \u00e9 doutor em Direito Constitucional pela Universidade de S\u00e3o Paulo, jurista e trabalhou como promotor de Justi\u00e7a do Minist\u00e9rio P\u00fablico do Estado de S\u00e3o Paulo. Leciona na USP, na Universidade Presbiteriana Mackenzie, na Escola Superior do Minist\u00e9rio P\u00fablico e da Escola Paulista da Magistratura. Sua carreira no servi\u00e7o p\u00fablico come\u00e7ou em 2002, quando foi nomeado secret\u00e1rio estadual de Justi\u00e7a e da Defesa da Cidadania em S\u00e3o Paulo, no governo de Geraldo Alckmin (PSDB). Ficou no cargo at\u00e9 2005, quando saiu para ocupar uma vaga no Conselho Nacional de Justi\u00e7a (2005-2007). Depois foi secret\u00e1rio municipal de Transportes (2007-2010) e Servi\u00e7os (2009-2010) na cidade de S\u00e3o Paulo, nas gest\u00f5es de Gilberto Kassab (DEM), e secret\u00e1rio estadual de Seguran\u00e7a P\u00fablica (2015-2016) de S\u00e3o Paulo, novamente no governo Geraldo Alckmin.<\/p>\n<p><strong>HERAN\u00c7A<\/strong><br \/>\nAo assumir a cadeira que foi de Teori Zavascki no STF, Alexandre de Moraes tamb\u00e9m herda cerca de 7.500 a\u00e7\u00f5es que estavam sob relatoria do seu antecessor.  Com exce\u00e7\u00e3o das a\u00e7\u00f5es relacionadas \u00e0 opera\u00e7\u00e3o Lava-Jato, repassadas ao ministro Edson Fachin, novo relator do caso, a maioria desses processos n\u00e3o tiveram movimenta\u00e7\u00e3o desde a morte de Zavascki, e caber\u00e1 a Moraes retomar e dar encaminhamento.<\/p>\n<p><strong>VER PRIMEIRO<\/strong><\/p>\n<p><strong>Receba as not\u00edcias do Aconteceu no Vale em primeira m\u00e3o. Clique em curtir no endere\u00e7o <a href=\"https:\/\/www.facebook.com\/aconteceunovale\" target=\"_blank\"><font color=\"red\">www.facebook.com\/aconteceunovale<\/font><\/a> ou no box abaixo:<\/strong><\/p>\n<div class=\"fb-like\" data-href=\"https:\/\/www.facebook.com\/aconteceunovale\" data-width=\"120\" data-layout=\"standard\" data-action=\"like\" data-size=\"small\" data-show-faces=\"true\" data-share=\"true\"><\/div>\n<p><\/br><\/p>\n","protected":false},"excerpt":{"rendered":"<p>JER\u00daSIA ARRUDA &#8211; www.facebook.com\/jerusia.arruda SUL-AMERICANO DE V\u00d4LEI Como norte-mineira, \u00e9 um orgulho assistir ao notici\u00e1rio esportivo na capital federal e ver Montes Claros ser destacada por sediar o Sul-Americano de Voleibol Masculino de Clubes, a maior competi\u00e7\u00e3o da Am\u00e9rica do Sul, que transformou a cidade mineira na capital do v\u00f4lei. A competi\u00e7\u00e3o iniciou no dia [&hellip;]<\/p>\n","protected":false},"author":1,"featured_media":106574,"comment_status":"open","ping_status":"closed","sticky":false,"template":"","format":"standard","meta":{"amp_status":"","footnotes":""},"categories":[4927],"tags":[4606,135443,135343,135442,137424,139963,206036],"class_list":["post-109549","post","type-post","status-publish","format-standard","has-post-thumbnail","hentry","category-colunistas","tag-brasilia","tag-coluna-direto-de-brasilia","tag-coluna-jerusia-arruda","tag-direto-de-brasilia","tag-direto-de-brasilia-jerusia-arruda","tag-direto-de-brasilia-coluna-jerusia-arruda","tag-jerusia-arruda"],"_links":{"self":[{"href":"https:\/\/aconteceunovale.com.br\/portal\/index.php?rest_route=\/wp\/v2\/posts\/109549","targetHints":{"allow":["GET"]}}],"collection":[{"href":"https:\/\/aconteceunovale.com.br\/portal\/index.php?rest_route=\/wp\/v2\/posts"}],"about":[{"href":"https:\/\/aconteceunovale.com.br\/portal\/index.php?rest_route=\/wp\/v2\/types\/post"}],"author":[{"embeddable":true,"href":"https:\/\/aconteceunovale.com.br\/portal\/index.php?rest_route=\/wp\/v2\/users\/1"}],"replies":[{"embeddable":true,"href":"https:\/\/aconteceunovale.com.br\/portal\/index.php?rest_route=%2Fwp%2Fv2%2Fcomments&post=109549"}],"version-history":[{"count":0,"href":"https:\/\/aconteceunovale.com.br\/portal\/index.php?rest_route=\/wp\/v2\/posts\/109549\/revisions"}],"wp:featuredmedia":[{"embeddable":true,"href":"https:\/\/aconteceunovale.com.br\/portal\/index.php?rest_route=\/wp\/v2\/media\/106574"}],"wp:attachment":[{"href":"https:\/\/aconteceunovale.com.br\/portal\/index.php?rest_route=%2Fwp%2Fv2%2Fmedia&parent=109549"}],"wp:term":[{"taxonomy":"category","embeddable":true,"href":"https:\/\/aconteceunovale.com.br\/portal\/index.php?rest_route=%2Fwp%2Fv2%2Fcategories&post=109549"},{"taxonomy":"post_tag","embeddable":true,"href":"https:\/\/aconteceunovale.com.br\/portal\/index.php?rest_route=%2Fwp%2Fv2%2Ftags&post=109549"}],"curies":[{"name":"wp","href":"https:\/\/api.w.org\/{rel}","templated":true}]}}