{"id":109298,"date":"2017-02-19T22:56:00","date_gmt":"2017-02-20T00:56:00","guid":{"rendered":"http:\/\/aconteceunovale.com.br\/portal\/?p=109298"},"modified":"2017-02-19T22:56:00","modified_gmt":"2017-02-20T00:56:00","slug":"motorista-e-preso-com-mercadoria-ilegal-do-paraguai-no-norte-de-minas","status":"publish","type":"post","link":"https:\/\/aconteceunovale.com.br\/portal\/?p=109298","title":{"rendered":"Motorista \u00e9 preso com mercadoria ilegal do Paraguai no Norte de Minas"},"content":{"rendered":"<p>Um homem de 41 anos foi preso na BR-365, em Claro dos Po\u00e7\u00f5es, por transportar produtos comprados no Paraguai sem o pagamento devido de impostos. A pris\u00e3o aconteceu na noite dessa sexta-feira (17\/02). De acordo com a Pol\u00edcia Rodovi\u00e1ria Federal (PRF), foram apreendidos perfumes importados, rel\u00f3gios, videogames, roteadores e conversores de televis\u00e3o. Os produtos avaliados em R$ 30 mil eram transportados em um carro de passeio, que foi abordado durante fiscaliza\u00e7\u00e3o de rotina.<\/p>\n<p>&#8220;As mercadorias estavam todas embaladas com pl\u00e1sticos para ocupar menos espa\u00e7o. Ele tirou o banco e o estepe do ve\u00edculo para colocar os produtos. At\u00e9 debaixo do banco do motorista tinha mercadoria&#8221;, contou a inspetora da PRF, Helo\u00edsa Menezes.<\/p>\n<p>O motorista disse \u00e0 pol\u00edcia que tinha sa\u00eddo de Sergipe, entrado no Paraguai por Foz do Igua\u00e7u e estava retornando para vender os produtos. Ele relatou ainda que fazia o trajeto h\u00e1 10 anos. De acordo com a PRF, o condutor, que j\u00e1 tinha sete passagens pelo mesmo crime, foi encaminhado \u00e0 delegacia da Pol\u00edcia Federal, junto com o material e o ve\u00edculo apreendidos.<\/p>\n<p>De acordo com o delegado da Pol\u00edcia Federal respons\u00e1vel pelo caso, Pedro Dias, o condutor responde por crime de descaminho, em raz\u00e3o da entrada irregular no pa\u00eds de mercadorias pelas quais n\u00e3o houve pagamento de imposto.<\/p>\n<p>&#8220;Neste caso, o motorista responde por crime de descaminho, que \u00e9 diferente do crime de contrabando. O contrabando s\u00f3 se caracteriza quando h\u00e1 entrada pela fronteira de produtos que s\u00e3o proibidos. Trazer perfumes e aparelhos eletr\u00f4nicos de outros pa\u00edses n\u00e3o \u00e9 proibido, desde que haja o pagamento devido dos impostos&#8221;, explicou o delegado.<\/p>\n<p><img decoding=\"async\" src=\"http:\/\/aconteceunovale.com.br\/portal\/wp-content\/uploads\/2017\/02\/preso_muamba.jpg\" alt=\"\" \/><em>PRF apreendeu perfumes e produtos eletroeletr\u00f4nicos (Foto: PRF\/Divulga\u00e7\u00e3o)<\/em><br \/>\n<\/br><\/p>\n<p><strong>VER PRIMEIRO<\/strong><\/p>\n<p><strong>Receba as not\u00edcias do Aconteceu no Vale em primeira m\u00e3o. Clique em curtir no endere\u00e7o <a href=\"https:\/\/www.facebook.com\/aconteceunovale\" target=\"_blank\"><font color=\"red\">www.facebook.com\/aconteceunovale<\/font><\/a> ou no box abaixo:<\/strong><\/p>\n<div class=\"fb-like\" data-href=\"https:\/\/www.facebook.com\/aconteceunovale\" data-width=\"120\" data-layout=\"standard\" data-action=\"like\" data-size=\"small\" data-show-faces=\"true\" data-share=\"true\"><\/div>\n<p><\/br><\/p>\n<p><em>(Fonte: G1 Grande Minas)<\/em><\/p>\n","protected":false},"excerpt":{"rendered":"<p>Um homem de 41 anos foi preso na BR-365, em Claro dos Po\u00e7\u00f5es, por transportar produtos comprados no Paraguai sem o pagamento devido de impostos. A pris\u00e3o aconteceu na noite dessa sexta-feira (17\/02). De acordo com a Pol\u00edcia Rodovi\u00e1ria Federal (PRF), foram apreendidos perfumes importados, rel\u00f3gios, videogames, roteadores e conversores de televis\u00e3o. Os produtos avaliados [&hellip;]<\/p>\n","protected":false},"author":1,"featured_media":109300,"comment_status":"closed","ping_status":"closed","sticky":false,"template":"","format":"standard","meta":{"amp_status":"","footnotes":""},"categories":[1236],"tags":[2981,2801,41944,140211,140215,140214,140213,140210,140212],"class_list":["post-109298","post","type-post","status-publish","format-standard","has-post-thumbnail","hentry","category-norte_de_minas","tag-br-365","tag-claro-dos-pocoes","tag-foz-do-iguacu","tag-homem-preso-em-claro-dos-pocoes-por-transportar-produtos-comprados-no-paraguai","tag-motorista-e-preso-com-mercadoria-ilegal-do-paraguai-em-claro-dos-pocoes","tag-motorista-e-preso-com-mercadoria-ilegal-do-paraguai-no-norte-de-minas","tag-preso-com-muamba-na-br-365","tag-preso-em-claro-dos-pocoes","tag-preso-na-br-365"],"_links":{"self":[{"href":"https:\/\/aconteceunovale.com.br\/portal\/index.php?rest_route=\/wp\/v2\/posts\/109298","targetHints":{"allow":["GET"]}}],"collection":[{"href":"https:\/\/aconteceunovale.com.br\/portal\/index.php?rest_route=\/wp\/v2\/posts"}],"about":[{"href":"https:\/\/aconteceunovale.com.br\/portal\/index.php?rest_route=\/wp\/v2\/types\/post"}],"author":[{"embeddable":true,"href":"https:\/\/aconteceunovale.com.br\/portal\/index.php?rest_route=\/wp\/v2\/users\/1"}],"replies":[{"embeddable":true,"href":"https:\/\/aconteceunovale.com.br\/portal\/index.php?rest_route=%2Fwp%2Fv2%2Fcomments&post=109298"}],"version-history":[{"count":0,"href":"https:\/\/aconteceunovale.com.br\/portal\/index.php?rest_route=\/wp\/v2\/posts\/109298\/revisions"}],"wp:featuredmedia":[{"embeddable":true,"href":"https:\/\/aconteceunovale.com.br\/portal\/index.php?rest_route=\/wp\/v2\/media\/109300"}],"wp:attachment":[{"href":"https:\/\/aconteceunovale.com.br\/portal\/index.php?rest_route=%2Fwp%2Fv2%2Fmedia&parent=109298"}],"wp:term":[{"taxonomy":"category","embeddable":true,"href":"https:\/\/aconteceunovale.com.br\/portal\/index.php?rest_route=%2Fwp%2Fv2%2Fcategories&post=109298"},{"taxonomy":"post_tag","embeddable":true,"href":"https:\/\/aconteceunovale.com.br\/portal\/index.php?rest_route=%2Fwp%2Fv2%2Ftags&post=109298"}],"curies":[{"name":"wp","href":"https:\/\/api.w.org\/{rel}","templated":true}]}}