{"id":109295,"date":"2017-02-19T22:00:43","date_gmt":"2017-02-20T00:00:43","guid":{"rendered":"http:\/\/aconteceunovale.com.br\/portal\/?p=109295"},"modified":"2017-02-19T22:00:43","modified_gmt":"2017-02-20T00:00:43","slug":"bandidos-morrem-durante-tentativa-de-assalto-a-onibus-na-br-365-no-noroeste-de-minas","status":"publish","type":"post","link":"https:\/\/aconteceunovale.com.br\/portal\/?p=109295","title":{"rendered":"Bandidos morrem durante tentativa de assalto a \u00f4nibus na BR-365, no Noroeste de Minas"},"content":{"rendered":"<p>Dois assaltantes morreram e um ficou ferido na madrugada deste s\u00e1bado (19\/2) na BR-365, em um acidente pr\u00f3ximo ao trevo de Varj\u00e3o de Minas, na regi\u00e3o Noroeste do Estado. De acordo com a Pol\u00edcia Rodovi\u00e1ria Federal (PRF) o trecho onde ocorreu o capotamento tem v\u00e1rios registros de roubo a \u00f4nibus, sempre seguindo a mesma din\u00e2mica, a suspeita \u00e9 que as v\u00edtimas fariam parte do grupo que realiza este tipo de crime.<\/p>\n<p>A tentativa de assalto ocorreu por volta das 4h, quando dois ve\u00edculos se aproximaram do \u00f4nibus, que seguia no sentido Uberl\u00e2ndia. Um dos carros era uma picape Fiat Strada, que levava dois homens na carroceira e outros tr\u00eas na cabine. Os criminosos que estavam na parte de tr\u00e1s atiraram v\u00e1rias vezes contra o \u00f4nibus, tentando fazer que o motorista parasse.<\/p>\n<p>Entretanto o condutor tentou fugir, momento em que os ocupantes da caminhonete tentaram fechar o \u00f4nibus, mas a manobra n\u00e3o deu certo e o carro acabou saindo pista. Com o acidente a dupla que estava na parte de tr\u00e1s foi arremessada e ambos morreram no local. O outro carro dos bandidos, ainda n\u00e3o identificado, recolheu os demais ocupantes, que tinham ferimentos leves, e fugiu. No local foram encontradas uma touca ninja e uma escopeta calibre 12.<\/p>\n<p>Com o apoio da Pol\u00edcia Militar, a PRF localizou um homem que deu entrada no hospital de Tr\u00eas Marias, com ferimentos que indicavam um acidente de carro. Ao abordarem o suspeito no hospital, os policiais descobriram que ele era irm\u00e3o de uma das v\u00edtimas do acidente. Ao ser questionado ele apresentou uma hist\u00f3ria desconexa e agora \u00e9 apontado como o condutor da caminhonete.<\/p>\n<p>A PM ainda faz busca por outros membros do grupo, que segundo a PRF vinha atuando com frequ\u00eancia na \u00e1rea, usando carros roubados para efetuar as abordagens aos \u00f4nibus.<\/p>\n<p><img decoding=\"async\" src=\"http:\/\/aconteceunovale.com.br\/portal\/wp-content\/uploads\/2017\/02\/assalto_varjao_1.jpg\" alt=\"\" \/><em>Ocupantes que estavam na cabine conseguiram escapar (Foto: Reprodu\u00e7\u00e3o\/Arax\u00e1 Not\u00edcias)<\/em><br \/>\n<\/br><\/p>\n<p><strong>VER PRIMEIRO<\/strong><\/p>\n<p><strong>Receba as not\u00edcias do Aconteceu no Vale em primeira m\u00e3o. Clique em curtir no endere\u00e7o <a href=\"https:\/\/www.facebook.com\/aconteceunovale\" target=\"_blank\"><font color=\"red\">www.facebook.com\/aconteceunovale<\/font><\/a> ou no box abaixo:<\/strong><\/p>\n<div class=\"fb-like\" data-href=\"https:\/\/www.facebook.com\/aconteceunovale\" data-width=\"120\" data-layout=\"standard\" data-action=\"like\" data-size=\"small\" data-show-faces=\"true\" data-share=\"true\"><\/div>\n<p><\/br><\/p>\n<p><em>(Fonte: O Tempo)<\/em><\/p>\n","protected":false},"excerpt":{"rendered":"<p>Dois assaltantes morreram e um ficou ferido na madrugada deste s\u00e1bado (19\/2) na BR-365, em um acidente pr\u00f3ximo ao trevo de Varj\u00e3o de Minas, na regi\u00e3o Noroeste do Estado. De acordo com a Pol\u00edcia Rodovi\u00e1ria Federal (PRF) o trecho onde ocorreu o capotamento tem v\u00e1rios registros de roubo a \u00f4nibus, sempre seguindo a mesma din\u00e2mica, [&hellip;]<\/p>\n","protected":false},"author":1,"featured_media":109296,"comment_status":"open","ping_status":"closed","sticky":false,"template":"","format":"standard","meta":{"amp_status":"","footnotes":""},"categories":[123],"tags":[140201,140205,81736,140209,2981,140203,140206,140202,140204,140207,140208,1533,221,1686],"class_list":["post-109295","post","type-post","status-publish","format-standard","has-post-thumbnail","hentry","category-gerais","tag-acidente-com-assaltantes-em-varjao-de-minas","tag-acidente-com-assaltantes-na-br-365","tag-assalto-a-onibus-na-br-365","tag-bandidos-morrem-durante-tentativa-de-assalto-a-onibus-na-br-365","tag-br-365","tag-capotamento-de-carro-com-assaltantes-em-varjao-de-minas","tag-capotamento-de-carro-com-assaltantes-na-br-365","tag-morte-de-assaltantes-em-varjao-de-minas","tag-morte-de-assaltantes-na-br-365","tag-morte-de-ladroes-na-br-365","tag-roubo-a-onibus-na-br-365","tag-tres-marias","tag-uberlandia","tag-varjao-de-minas"],"_links":{"self":[{"href":"https:\/\/aconteceunovale.com.br\/portal\/index.php?rest_route=\/wp\/v2\/posts\/109295","targetHints":{"allow":["GET"]}}],"collection":[{"href":"https:\/\/aconteceunovale.com.br\/portal\/index.php?rest_route=\/wp\/v2\/posts"}],"about":[{"href":"https:\/\/aconteceunovale.com.br\/portal\/index.php?rest_route=\/wp\/v2\/types\/post"}],"author":[{"embeddable":true,"href":"https:\/\/aconteceunovale.com.br\/portal\/index.php?rest_route=\/wp\/v2\/users\/1"}],"replies":[{"embeddable":true,"href":"https:\/\/aconteceunovale.com.br\/portal\/index.php?rest_route=%2Fwp%2Fv2%2Fcomments&post=109295"}],"version-history":[{"count":0,"href":"https:\/\/aconteceunovale.com.br\/portal\/index.php?rest_route=\/wp\/v2\/posts\/109295\/revisions"}],"wp:featuredmedia":[{"embeddable":true,"href":"https:\/\/aconteceunovale.com.br\/portal\/index.php?rest_route=\/wp\/v2\/media\/109296"}],"wp:attachment":[{"href":"https:\/\/aconteceunovale.com.br\/portal\/index.php?rest_route=%2Fwp%2Fv2%2Fmedia&parent=109295"}],"wp:term":[{"taxonomy":"category","embeddable":true,"href":"https:\/\/aconteceunovale.com.br\/portal\/index.php?rest_route=%2Fwp%2Fv2%2Fcategories&post=109295"},{"taxonomy":"post_tag","embeddable":true,"href":"https:\/\/aconteceunovale.com.br\/portal\/index.php?rest_route=%2Fwp%2Fv2%2Ftags&post=109295"}],"curies":[{"name":"wp","href":"https:\/\/api.w.org\/{rel}","templated":true}]}}