{"id":109277,"date":"2017-02-19T20:21:17","date_gmt":"2017-02-19T22:21:17","guid":{"rendered":"http:\/\/aconteceunovale.com.br\/portal\/?p=109277"},"modified":"2017-02-19T20:21:17","modified_gmt":"2017-02-19T22:21:17","slug":"governador-recebe-titulo-de-cidadao-honorario-de-conceicao-do-mato-dentro","status":"publish","type":"post","link":"https:\/\/aconteceunovale.com.br\/portal\/?p=109277","title":{"rendered":"Governador recebe t\u00edtulo de Cidad\u00e3o Honor\u00e1rio de Concei\u00e7\u00e3o do Mato Dentro"},"content":{"rendered":"<p>O governador de Minas Gerais, Fernando Pimentel, recebeu na manh\u00e3 deste domingo (19\/02\/2017) o t\u00edtulo de Cidad\u00e3o Honor\u00e1rio de Concei\u00e7\u00e3o do Mato Dentro. A solenidade, realizada na C\u00e2mara Municipal da cidade, foi presidida pelo presidente da C\u00e2mara de Concei\u00e7\u00e3o, Jo\u00e3o Marcos Otoni Seabra de Souza, e contou com a presen\u00e7a de diversas autoridades e prefeitos pertencentes \u00e0 Associa\u00e7\u00e3o das Cidades Hist\u00f3ricas de Minas Gerais.<\/p>\n<p>Em seu pronunciamento, o governador destacou a import\u00e2ncia da cidade e falou sobre sua alegria por receber a homenagem. \u201cAcho que n\u00f3s todos temos que celebrar, acima de tudo, essa virtude de ser mineiro. Fico extremamente emocionado de agora poder dividir esta qualidade, de ser cidad\u00e3o de Concei\u00e7\u00e3o do Mato Dentro, aqui onde terminam as Minas e come\u00e7am as Gerais\u201d, disse.<\/p>\n<p>O governador ressaltou, ainda, a import\u00e2ncia da harmonia entre os Poderes para o bem comum do cidad\u00e3o. \u201cN\u00f3s, em Minas Gerais, respeitando a autonomia entre os poderes, conseguimos estabelecer um clima de paz, que nos leva a enfrentar esta crise, que \u00e9 a maior que a rep\u00fablica brasileira j\u00e1 viveu. Minas vem enfrentando sem atropelos, com os servi\u00e7os p\u00fablicos funcionando\u201d, afirmou.<\/p>\n<p><img decoding=\"async\" src=\"http:\/\/aconteceunovale.com.br\/portal\/wp-content\/uploads\/2017\/02\/pimentel_cmd_1.jpg\" alt=\"\" \/><em>Pimentel recebeu t\u00edtulo de Cidad\u00e3o Honor\u00e1rio de Concei\u00e7\u00e3o (Foto: Gil Leonardi\/Imprensa MG)<\/em><br \/>\n<\/br><\/p>\n<p>Durante a solenidade, o governador recebeu um exemplar da biografia &#8220;O melhor mineiro do mundo&#8221;. A publica\u00e7\u00e3o relata a hist\u00f3ria e trajet\u00f3ria do pol\u00edtico mineiro Jos\u00e9 Aparecido de Oliveira, natural de Concei\u00e7\u00e3o do Mato Dentro, cujo falecimento completa 10 anos em 2017. Ele foi embaixador, deputado, governador do Distrito Federal, ministro e secret\u00e1rio de Estado de Cultura de Minas Gerais.<\/p>\n<p>O prefeito da cidade, Jos\u00e9 Fernando Aparecido de Oliveira, agradeceu a presen\u00e7a do governador. \u201c\u00c9 uma satisfa\u00e7\u00e3o e alegria enorme que o governador Fernando Pimentel seja o nosso mais novo ilustre conterr\u00e2neo\u201d, disse.<\/p>\n<p>Nascido em Concei\u00e7\u00e3o do Mato Dentro, o presidente do Tribunal de Justi\u00e7a de Minas Gerais, desembargador Herbert Jos\u00e9 Almeida Carneiro, tamb\u00e9m foi homenageado durante a solenidade. \u201cRecebo este gesto grandioso como mais um gesto de generosidade dos conceicionenses. Aproveito para aplaudir as autoridades de Concei\u00e7\u00e3o do Mato Dentro por hoje condecorar a maior autoridade do nosso Estado\u201d, ressaltou.<\/p>\n<p>Estiveram presentes na solenidade o secret\u00e1rio de Estado de Governo (Segov), Odair Cunha, o secret\u00e1rio de Estado da Casa Civil e Rela\u00e7\u00f5es Institucionais (Seccri), Marco Ant\u00f4nio Rezende, o secret\u00e1rio de Estado de Direitos Humanos, Participa\u00e7\u00e3o Social e Cidadania (Sedpac), Nilm\u00e1rio Miranda, o secret\u00e1rio de Estado de Cultura (SEC), Angelo Oswaldo, o secret\u00e1rio de Estado de Administra\u00e7\u00e3o Prisional (Seap), Francisco Kupidlowski, o secret\u00e1rio de Estado de Fazenda (SEF), Jos\u00e9 Afonso Bicalho, a presidente do Servas, Carolina Pimentel, o presidente da Assembleia Legislativa de Minas Gerais, Adalclever Lopes. o presidente do Tribunal Regional Eleitoral, Geraldo Domingos Coelho, o Procurador-geral do Estado, Ant\u00f4nio S\u00e9rgio Tonet, o presidente da Ordem dos Advogados do Brasil \u2013 OAB\/Se\u00e7\u00e3o Minas Gerais, Ant\u00f4nio Fabr\u00edcio de Matos Gon\u00e7alves,  e o deputado federal Gabriel Guimar\u00e3es. <\/p>\n<p><img decoding=\"async\" src=\"http:\/\/aconteceunovale.com.br\/portal\/wp-content\/uploads\/2017\/02\/pimentel_cmd_2.jpg\" alt=\"\" \/><em>Pimentel recebeu t\u00edtulo de Cidad\u00e3o Honor\u00e1rio de Concei\u00e7\u00e3o (Foto: Gil Leonardi\/Imprensa MG)<\/em><br \/>\n<\/br><\/p>\n<p><img decoding=\"async\" src=\"http:\/\/aconteceunovale.com.br\/portal\/wp-content\/uploads\/2017\/02\/pimentel_cmd_3.jpg\" alt=\"\" \/><em>Pimentel recebeu t\u00edtulo de Cidad\u00e3o Honor\u00e1rio de Concei\u00e7\u00e3o (Foto: Gil Leonardi\/Imprensa MG)<\/em><br \/>\n<\/br><\/p>\n<p><img decoding=\"async\" src=\"http:\/\/aconteceunovale.com.br\/portal\/wp-content\/uploads\/2017\/02\/pimentel_cmd_4.jpg\" alt=\"\" \/><em>Pimentel recebeu t\u00edtulo de Cidad\u00e3o Honor\u00e1rio de Concei\u00e7\u00e3o (Foto: Gil Leonardi\/Imprensa MG)<\/em><br \/>\n<\/br><\/p>\n<p><img decoding=\"async\" src=\"http:\/\/aconteceunovale.com.br\/portal\/wp-content\/uploads\/2017\/02\/pimentel_cmd_5.jpg\" alt=\"\" \/><em>Pimentel recebeu t\u00edtulo de Cidad\u00e3o Honor\u00e1rio de Concei\u00e7\u00e3o (Foto: Gil Leonardi\/Imprensa MG)<\/em><br \/>\n<\/br><\/p>\n<p><strong>VER PRIMEIRO<\/strong><\/p>\n<p><strong>Receba as not\u00edcias do Aconteceu no Vale em primeira m\u00e3o. Clique em curtir no endere\u00e7o <a href=\"https:\/\/www.facebook.com\/aconteceunovale\" target=\"_blank\"><font color=\"red\">www.facebook.com\/aconteceunovale<\/font><\/a> ou no box abaixo:<\/strong><\/p>\n<div class=\"fb-like\" data-href=\"https:\/\/www.facebook.com\/aconteceunovale\" data-width=\"120\" data-layout=\"standard\" data-action=\"like\" data-size=\"small\" data-show-faces=\"true\" data-share=\"true\"><\/div>\n<p><\/br><\/p>\n<p><em>(Ag\u00eancia Minas)<\/em><\/p>\n","protected":false},"excerpt":{"rendered":"<p>O governador de Minas Gerais, Fernando Pimentel, recebeu na manh\u00e3 deste domingo (19\/02\/2017) o t\u00edtulo de Cidad\u00e3o Honor\u00e1rio de Concei\u00e7\u00e3o do Mato Dentro. A solenidade, realizada na C\u00e2mara Municipal da cidade, foi presidida pelo presidente da C\u00e2mara de Concei\u00e7\u00e3o, Jo\u00e3o Marcos Otoni Seabra de Souza, e contou com a presen\u00e7a de diversas autoridades e prefeitos [&hellip;]<\/p>\n","protected":false},"author":1,"featured_media":109280,"comment_status":"open","ping_status":"closed","sticky":false,"template":"","format":"standard","meta":{"amp_status":"","footnotes":""},"categories":[123,40240],"tags":[140188,140181,628,140192,1018,12826,140183,140180,140185,17334,140184,140193,129578,140187,140190,140191,140189,140182,140186,89661],"class_list":["post-109277","post","type-post","status-publish","format-standard","has-post-thumbnail","hentry","category-gerais","category-politica-2","tag-associacao-das-cidades-historicas-de-minas-gerais","tag-cidadao-honorario-de-conceicao-do-mato-dentro","tag-conceicao-do-mato-dentro","tag-desembargador-herbert-jose-almeida-carneiro","tag-destaque","tag-fernando-pimentel","tag-fernando-pimentel-em-conceicao-do-mato-dentro","tag-fernando-pimentel-recebe-titulo-de-cidadao-honorario-de-conceicao-do-mato-dentro","tag-governador-de-minas-em-conceicao-do-mato-dentro","tag-governador-de-minas-gerais","tag-governador-em-conceicao-do-mato-dentro","tag-governador-recebe-titulo-de-cidadao-honorario-de-conceicao-do-mato-dentro","tag-herbert-jose-almeida-carneiro","tag-joao-marcos-otoni-seabra-de-souza","tag-jose-aparecido-de-oliveira","tag-jose-fernando-aparecido-de-oliveira","tag-o-melhor-mineiro-do-mundo","tag-pimentel-em-conceicao-do-mato-dentro","tag-presidente-da-camara-de-conceicao-do-mato-dentro","tag-presidente-do-tribunal-de-justica-de-minas-gerais"],"_links":{"self":[{"href":"https:\/\/aconteceunovale.com.br\/portal\/index.php?rest_route=\/wp\/v2\/posts\/109277","targetHints":{"allow":["GET"]}}],"collection":[{"href":"https:\/\/aconteceunovale.com.br\/portal\/index.php?rest_route=\/wp\/v2\/posts"}],"about":[{"href":"https:\/\/aconteceunovale.com.br\/portal\/index.php?rest_route=\/wp\/v2\/types\/post"}],"author":[{"embeddable":true,"href":"https:\/\/aconteceunovale.com.br\/portal\/index.php?rest_route=\/wp\/v2\/users\/1"}],"replies":[{"embeddable":true,"href":"https:\/\/aconteceunovale.com.br\/portal\/index.php?rest_route=%2Fwp%2Fv2%2Fcomments&post=109277"}],"version-history":[{"count":0,"href":"https:\/\/aconteceunovale.com.br\/portal\/index.php?rest_route=\/wp\/v2\/posts\/109277\/revisions"}],"wp:featuredmedia":[{"embeddable":true,"href":"https:\/\/aconteceunovale.com.br\/portal\/index.php?rest_route=\/wp\/v2\/media\/109280"}],"wp:attachment":[{"href":"https:\/\/aconteceunovale.com.br\/portal\/index.php?rest_route=%2Fwp%2Fv2%2Fmedia&parent=109277"}],"wp:term":[{"taxonomy":"category","embeddable":true,"href":"https:\/\/aconteceunovale.com.br\/portal\/index.php?rest_route=%2Fwp%2Fv2%2Fcategories&post=109277"},{"taxonomy":"post_tag","embeddable":true,"href":"https:\/\/aconteceunovale.com.br\/portal\/index.php?rest_route=%2Fwp%2Fv2%2Ftags&post=109277"}],"curies":[{"name":"wp","href":"https:\/\/api.w.org\/{rel}","templated":true}]}}