{"id":109270,"date":"2017-02-19T11:23:15","date_gmt":"2017-02-19T13:23:15","guid":{"rendered":"http:\/\/aconteceunovale.com.br\/portal\/?p=109270"},"modified":"2017-02-19T11:23:15","modified_gmt":"2017-02-19T13:23:15","slug":"terminou-o-horario-de-verao","status":"publish","type":"post","link":"https:\/\/aconteceunovale.com.br\/portal\/?p=109270","title":{"rendered":"Terminou o hor\u00e1rio de ver\u00e3o"},"content":{"rendered":"<p>O hor\u00e1rio de ver\u00e3o terminou \u00e0 0h deste domingo (19), quando os rel\u00f3gios foram atrasados em uma hora nas regi\u00f5es Sul, Sudeste e Centro-Oeste. De acordo com o secret\u00e1rio de Energia El\u00e9trica do Minist\u00e9rio de Minas e Energia, F\u00e1bio Alves, a mudan\u00e7a, toda vez que \u00e9 adotada, tem como objetivo principal a redu\u00e7\u00e3o no consumo de energia el\u00e9trica no hor\u00e1rio de pico, das 18h \u00e0s 21h.<\/p>\n<p>&#8220;O ver\u00e3o \u00e9 o per\u00edodo que naturalmente demora a anoitecer, o dia \u00e9 maior. Ou seja, com o hor\u00e1rio de ver\u00e3o, \u00e9 poss\u00edvel aproveitar a luz natural para gerar um melhor aproveitamento da energia&#8221;, explica. Com isso, o uso de energia gerada por termel\u00e9tricas pode ser evitado, reduzindo o custo da gera\u00e7\u00e3o de eletricidade para o pa\u00eds.<\/p>\n<p>O governo ainda n\u00e3o divulgou o quanto o pa\u00eds economizou de energia, mas a previs\u00e3o inicial era de que o hor\u00e1rio de ver\u00e3o resultasse em uma\u00a0economia de R$ 147,5 milh\u00f5es, por causa da redu\u00e7\u00e3o do uso de energia de termel\u00e9tricas.<\/p>\n<p><strong>Vig\u00eancia<\/strong><\/p>\n<p>O hor\u00e1rio de ver\u00e3o \u00e9 adotado no Brasil desde 1931. A mudan\u00e7a come\u00e7a sempre no terceiro domingo do m\u00eas de outubro e termina no terceiro domingo de fevereiro do ano seguinte. A exce\u00e7\u00e3o \u00e9 quando o terceiro domingo de fevereiro coincide com o domingo de carnaval &#8211; neste caso, o hor\u00e1rio de ver\u00e3o se encerra no domingo seguinte.<\/p>\n<p>A medida s\u00f3 \u00e9 aplicada nas regi\u00f5es Sul, Sudeste e Centro-Oeste, porque nesses estados o consumo de energia \u00e9 maior e \u00e9 onde os melhores resultados s\u00e3o alcan\u00e7ados. Segundo o Minist\u00e9rio de Minas e Energia, a aplica\u00e7\u00e3o no Norte e no Nordeste teria poucos benef\u00edcios em termos de economia de energia, por causa da proximidade da Linha do Equador, o que faz com que a dura\u00e7\u00e3o dos dias nessas regi\u00f5es n\u00e3o tenha mudan\u00e7as significativas ao longo do ano.<\/p>\n<p>Outros pa\u00edses tamb\u00e9m fazem mudan\u00e7as no hor\u00e1rio convencional para aproveitar a luminosidade do ver\u00e3o, especialmente aqueles com maior gera\u00e7\u00e3o termel\u00e9trica. Nos Estados Unidos, por exemplo, \u00e9 adotado o Daylight Saving Time, geralmente entre mar\u00e7o e novembro.<\/p>\n<p><strong>Aten\u00e7\u00e3o<\/strong><\/p>\n<p>Quem tem viagem marcada para este domingo deve ficar atento aos hor\u00e1rios de embarque. Os hor\u00e1rios dos bilhetes de passagem s\u00e3o impressos em hora local, e, para evitar transtornos, a Ag\u00eancia Nacional de Avia\u00e7\u00e3o Civil (Anac) orienta os passageiros a entrar em contato com as empresas a\u00e9reas em caso de d\u00favidas.<\/p>\n<p><strong>VER PRIMEIRO<\/strong><\/p>\n<p><strong>Receba as not\u00edcias do Aconteceu no Vale em primeira m\u00e3o. Clique em curtir no endere\u00e7o <a href=\"https:\/\/www.facebook.com\/aconteceunovale\" target=\"_blank\"><font color=\"red\">www.facebook.com\/aconteceunovale<\/font><\/a> ou no box abaixo:<\/strong><\/p>\n<div class=\"fb-like\" data-href=\"https:\/\/www.facebook.com\/aconteceunovale\" data-width=\"120\" data-layout=\"standard\" data-action=\"like\" data-size=\"small\" data-show-faces=\"true\" data-share=\"true\"><\/div>\n<p><\/br><\/p>\n<p><em>(Ag\u00eancia Brasil)<\/em><\/p>\n","protected":false},"excerpt":{"rendered":"<p>O hor\u00e1rio de ver\u00e3o terminou \u00e0 0h deste domingo (19), quando os rel\u00f3gios foram atrasados em uma hora nas regi\u00f5es Sul, Sudeste e Centro-Oeste. De acordo com o secret\u00e1rio de Energia El\u00e9trica do Minist\u00e9rio de Minas e Energia, F\u00e1bio Alves, a mudan\u00e7a, toda vez que \u00e9 adotada, tem como objetivo principal a redu\u00e7\u00e3o no consumo [&hellip;]<\/p>\n","protected":false},"author":1,"featured_media":21229,"comment_status":"open","ping_status":"closed","sticky":false,"template":"","format":"standard","meta":{"amp_status":"","footnotes":""},"categories":[6],"tags":[194,347,139467,120342,120343,78039,35418,77331,345,4263,34605,139465,140034,206,140032,139468,1532,139466,140173,140033],"class_list":["post-109270","post","type-post","status-publish","format-standard","has-post-thumbnail","hentry","category-br","tag-belo-horizonte","tag-cemig","tag-data-do-fim-do-horario-de-verao","tag-economia-com-o-horario-de-verao","tag-economia-de-energia-com-o-horario-de-verao","tag-economia-de-energia-no-horario-de-verao","tag-energia-eletrica","tag-fim-do-horario-de-verao","tag-horario-de-verao","tag-horario-de-verao-acaba-no-proximo-domingo","tag-horario-de-verao-cemig","tag-horario-de-verao-termina-daqui-a-uma-semana","tag-horario-de-verao-termina-no-proximo-domingo-em-tres-regioes-do-pais","tag-juiz-de-fora","tag-planejamento-energetico-da-cemig","tag-quando-termina-o-horario-de-verao","tag-sete-lagoas","tag-termina-o-horario-de-verao","tag-terminou-o-horario-de-verao","tag-wilson-fernandes-lage"],"_links":{"self":[{"href":"https:\/\/aconteceunovale.com.br\/portal\/index.php?rest_route=\/wp\/v2\/posts\/109270","targetHints":{"allow":["GET"]}}],"collection":[{"href":"https:\/\/aconteceunovale.com.br\/portal\/index.php?rest_route=\/wp\/v2\/posts"}],"about":[{"href":"https:\/\/aconteceunovale.com.br\/portal\/index.php?rest_route=\/wp\/v2\/types\/post"}],"author":[{"embeddable":true,"href":"https:\/\/aconteceunovale.com.br\/portal\/index.php?rest_route=\/wp\/v2\/users\/1"}],"replies":[{"embeddable":true,"href":"https:\/\/aconteceunovale.com.br\/portal\/index.php?rest_route=%2Fwp%2Fv2%2Fcomments&post=109270"}],"version-history":[{"count":0,"href":"https:\/\/aconteceunovale.com.br\/portal\/index.php?rest_route=\/wp\/v2\/posts\/109270\/revisions"}],"wp:featuredmedia":[{"embeddable":true,"href":"https:\/\/aconteceunovale.com.br\/portal\/index.php?rest_route=\/wp\/v2\/media\/21229"}],"wp:attachment":[{"href":"https:\/\/aconteceunovale.com.br\/portal\/index.php?rest_route=%2Fwp%2Fv2%2Fmedia&parent=109270"}],"wp:term":[{"taxonomy":"category","embeddable":true,"href":"https:\/\/aconteceunovale.com.br\/portal\/index.php?rest_route=%2Fwp%2Fv2%2Fcategories&post=109270"},{"taxonomy":"post_tag","embeddable":true,"href":"https:\/\/aconteceunovale.com.br\/portal\/index.php?rest_route=%2Fwp%2Fv2%2Ftags&post=109270"}],"curies":[{"name":"wp","href":"https:\/\/api.w.org\/{rel}","templated":true}]}}