{"id":109155,"date":"2017-02-16T00:54:15","date_gmt":"2017-02-16T02:54:15","guid":{"rendered":"http:\/\/aconteceunovale.com.br\/portal\/?p=109155"},"modified":"2017-02-16T01:06:23","modified_gmt":"2017-02-16T03:06:23","slug":"empresario-e-neta-sao-sequestrados-em-coronel-murta-no-vale-do-jequitinhonha","status":"publish","type":"post","link":"https:\/\/aconteceunovale.com.br\/portal\/?p=109155","title":{"rendered":"Empres\u00e1rio e neta s\u00e3o sequestrados em Coronel Murta, no Vale do Jequitinhonha"},"content":{"rendered":"<p>Uma menina de seis anos e o av\u00f4 dela, de 45, foram sequestrados na noite desta quarta-feira (15\/02\/2017) em Coronel Murta, no Vale do Jequitinhonha. O homem, conhecido por Aidinho,  \u00e9 comerciante de pedras preciosas  e propriet\u00e1rio de um posto de combust\u00edveis na cidade. Ele  fazia caminhada  na rodovia MG-342, que liga Coronel Murta a Salinas e Ara\u00e7ua\u00ed,  quando foi abordado por marginais que estavam em um carro preto, possivelmente um \u00d4nix. Amigos do empres\u00e1rio acreditam que  os criminosos estudaram todas as informa\u00e7\u00f5es da rotina dele.<\/p>\n<p>Uma testemunha contou que  por volta das 20h, viu  quando um  carro preto estacionou na porta da casa do empres\u00e1rio, no bairro Acari. &#8220;Tr\u00eas homens, sa\u00edram do carro. Um era  alto, magro e moreno,  e os outros dois,  morenos, de estatura mediana. Eles estavam com os rostos encobertos.  Todos estavam armados e chegaram exatamente no momento em que a  menina saia com a av\u00f3 para a casa de uma vizinha. A av\u00f3 chegou at\u00e9 a gritar para a crian\u00e7a correr mas ela acabou sendo levada&#8221;, disse a testemunha que pediu para n\u00e3o ser identificada.<\/p>\n<p>N\u00e3o se sabe se o empres\u00e1rio  estava  no porta- malas do carro que levou a neta dele,  ou se foi colocado em outro ve\u00edculo, ap\u00f3s a abordagem na rodovia.<\/p>\n<p>Testemunhas contaram que viram um carro preto  em alta velocidade, passando pelo bairro Maria da Gl\u00f3ria , conhecido por Mutir\u00e3o e pegar uma estrada de terra, sentido comunidade da Vereda. A estrada \u00e9 estreita  e  d\u00e1 acesso a  fazendas e \u00e1 uma chapada e tamb\u00e9m a localidades no munic\u00edpio de Itinga.<\/p>\n<p>\u201c\u00c9 poss\u00edvel que mais criminosos, usando outros ve\u00edculos estejam envolvidos. J\u00e1 fizemos  cerco em todas as poss\u00edveis rotas de fuga, como Itinga, Rubelita e Medina, mas at\u00e9 o momento ningu\u00e9m foi detido\u201d, informou um policial.<\/p>\n<p>A PM n\u00e3o forneceu mais  detalhes do caso para n\u00e3o comprometer o andamento da investiga\u00e7\u00e3o. Refor\u00e7o policial foi solicitado em unidades das cidades vizinhas, para realizar buscas.<\/p>\n<p>O empres\u00e1rio, de h\u00e1bitos simples, \u00e9 muito querido na cidade. Amigos e familiares est\u00e3o abalados com o caso e  se concentram na  casa dele, em busca de informa\u00e7\u00f5es. &#8220;Tudo indica que ele foi levado pelos sequestradores, j\u00e1 que saiu para fazer a sua caminhada di\u00e1ria e n\u00e3o retornou&#8221;, disse um amigo da fam\u00edlia. O celular do empres\u00e1rio est\u00e1 mudo e n\u00e3o atende liga\u00e7\u00f5es.<\/p>\n<p>Uma foto da  crian\u00e7a est\u00e1 circulando nos grupos policiais no WhatsApp mas acabou vazando para outros grupos. Por quest\u00e3o de seguran\u00e7a, tanto do empres\u00e1rio, quanto da crian\u00e7a,  este jornal optou pela n\u00e3o publica\u00e7\u00e3o de imagens das v\u00edtimas.<\/p>\n<p>A fam\u00edlia n\u00e3o informou se foi feito algum pedido de resgate.<\/p>\n<p><img decoding=\"async\" src=\"http:\/\/aconteceunovale.com.br\/portal\/wp-content\/uploads\/2017\/02\/sequestro_cm.jpg\" alt=\"\" \/><em>Moradores da cidade foram para a porta da casa do empres\u00e1rio (Foto: Rep\u00f3rter Dindol)<\/em><br \/>\n<\/br><\/p>\n<p><strong>VER PRIMEIRO<\/strong><\/p>\n<p><strong>Receba as not\u00edcias do Aconteceu no Vale em primeira m\u00e3o. Clique em curtir no endere\u00e7o <a href=\"https:\/\/www.facebook.com\/aconteceunovale\" target=\"_blank\"><font color=\"red\">www.facebook.com\/aconteceunovale<\/font><\/a> ou no box abaixo:<\/strong><\/p>\n<div class=\"fb-like\" data-href=\"https:\/\/www.facebook.com\/aconteceunovale\" data-width=\"120\" data-layout=\"standard\" data-action=\"like\" data-size=\"small\" data-show-faces=\"true\" data-share=\"true\"><\/div>\n<p><\/br><\/p>\n<p><em>(Com Gazeta de Ara\u00e7ua\u00ed)<\/em><\/p>\n","protected":false},"excerpt":{"rendered":"<p>Uma menina de seis anos e o av\u00f4 dela, de 45, foram sequestrados na noite desta quarta-feira (15\/02\/2017) em Coronel Murta, no Vale do Jequitinhonha. O homem, conhecido por Aidinho, \u00e9 comerciante de pedras preciosas e propriet\u00e1rio de um posto de combust\u00edveis na cidade. Ele fazia caminhada na rodovia MG-342, que liga Coronel Murta a [&hellip;]<\/p>\n","protected":false},"author":1,"featured_media":109156,"comment_status":"open","ping_status":"closed","sticky":false,"template":"","format":"standard","meta":{"amp_status":"","footnotes":""},"categories":[120],"tags":[139950,483,139956,139954,139953,139955,190,139951,139952],"class_list":["post-109155","post","type-post","status-publish","format-standard","has-post-thumbnail","hentry","category-jequi","tag-aidinho","tag-coronel-murta","tag-empresario-e-neta-sao-sequestrados-em-coronel-murta","tag-empresario-sequestrado-em-coronel-murta","tag-homem-sequestrado-em-coronel-murta","tag-pedrista-sequestrado-em-coronel-murta","tag-salinas","tag-sequestro-aidinho","tag-sequestro-coronel-murta"],"_links":{"self":[{"href":"https:\/\/aconteceunovale.com.br\/portal\/index.php?rest_route=\/wp\/v2\/posts\/109155","targetHints":{"allow":["GET"]}}],"collection":[{"href":"https:\/\/aconteceunovale.com.br\/portal\/index.php?rest_route=\/wp\/v2\/posts"}],"about":[{"href":"https:\/\/aconteceunovale.com.br\/portal\/index.php?rest_route=\/wp\/v2\/types\/post"}],"author":[{"embeddable":true,"href":"https:\/\/aconteceunovale.com.br\/portal\/index.php?rest_route=\/wp\/v2\/users\/1"}],"replies":[{"embeddable":true,"href":"https:\/\/aconteceunovale.com.br\/portal\/index.php?rest_route=%2Fwp%2Fv2%2Fcomments&post=109155"}],"version-history":[{"count":0,"href":"https:\/\/aconteceunovale.com.br\/portal\/index.php?rest_route=\/wp\/v2\/posts\/109155\/revisions"}],"wp:featuredmedia":[{"embeddable":true,"href":"https:\/\/aconteceunovale.com.br\/portal\/index.php?rest_route=\/wp\/v2\/media\/109156"}],"wp:attachment":[{"href":"https:\/\/aconteceunovale.com.br\/portal\/index.php?rest_route=%2Fwp%2Fv2%2Fmedia&parent=109155"}],"wp:term":[{"taxonomy":"category","embeddable":true,"href":"https:\/\/aconteceunovale.com.br\/portal\/index.php?rest_route=%2Fwp%2Fv2%2Fcategories&post=109155"},{"taxonomy":"post_tag","embeddable":true,"href":"https:\/\/aconteceunovale.com.br\/portal\/index.php?rest_route=%2Fwp%2Fv2%2Ftags&post=109155"}],"curies":[{"name":"wp","href":"https:\/\/api.w.org\/{rel}","templated":true}]}}