{"id":109144,"date":"2017-02-15T21:47:46","date_gmt":"2017-02-15T23:47:46","guid":{"rendered":"http:\/\/aconteceunovale.com.br\/portal\/?p=109144"},"modified":"2017-02-15T21:47:46","modified_gmt":"2017-02-15T23:47:46","slug":"cooperativa-impulsiona-o-extrativismo-sustentavel-em-januaria-no-norte-de-minas","status":"publish","type":"post","link":"https:\/\/aconteceunovale.com.br\/portal\/?p=109144","title":{"rendered":"Cooperativa impulsiona o extrativismo sustent\u00e1vel em Janu\u00e1ria, no Norte de Minas"},"content":{"rendered":"<p>O trabalho desenvolvido por uma cooperativa busca fortalecer o extrativismo sustent\u00e1vel no Norte de Minas. Fundada em 2013, a Cooperativa dos Agricultores Familiares e Agroextrativistas do Vale do Perua\u00e7u (Cooperua\u00e7u) comercializa produtos derivados de frutos do cerrado, no munic\u00edpio de Janu\u00e1ria.<\/p>\n<p>Um dos principais objetivos da cooperativa \u00e9 incentivar a produ\u00e7\u00e3o de frutos do cerrado. Neste caso, o pequi ganha destaque. A cooperativa aproveita todas as formas de comercializar o fruto, que \u00e9 nativo da regi\u00e3o. Dele s\u00e3o extra\u00eddos o \u00f3leo, a polpa em conserva, creme e farofa da castanha.<\/p>\n<p>Mas, outros frutos tamb\u00e9m s\u00e3o cultivados e comercializados pelos 60 produtores da cooperativa. Um destes integrantes \u00e9 o produtor Jorge Martins Correia, de 55 anos, que se filiou \u00e0 cooperativa desde a funda\u00e7\u00e3o. Ele conta que em sua propriedade, com cerca de 12 hectares, s\u00e3o produzidos pequi, coquinho, cagaita, jatob\u00e1 e cabe\u00e7a de nego.<\/p>\n<p>\u201cHoje o lucro que tenho \u00e9 bastante gratificante; garanto uma renda boa. Prefiro comercializar os frutos, a criar gado aqui. O lucro que obtemos com a cria\u00e7\u00e3o de gado n\u00e3o se iguala ao lucro com a produ\u00e7\u00e3o de coquinho, e ainda tem os outros frutos\u201d, afirma o produtor.<\/p>\n<p>Os frutos levados \u00e0 cooperativa s\u00e3o processados para melhor comercializa-los. \u201cL\u00e1 s\u00e3o encontradas as melhores formas para comercializar os frutos. De alguns s\u00e3o feitos doces, outros s\u00e3o tiradas as polpas ou sucos\u201d, explica o produtor.<\/p>\n<p>A explora\u00e7\u00e3o de outros mercados, inclusive internacionais, s\u00e3o almejados com parcerias de outras cooperativas. \u201cN\u00f3s temos boa rela\u00e7\u00e3o com a Central do Cerrado, que \u00e9 a Central de Cooperativas do Cerrado que fica em Bras\u00edlia (DF). Tem boa rela\u00e7\u00e3o com Copae, com a Grande Sert\u00e3o Veredas da Chapada Ga\u00facha, e com a Grande Sert\u00e3o de Montes Claros, que \u00e9 grande parceira comercial. Produzimos o creme de pequi, e, com a ajuda da Central do Cerrado, enviamos algumas receitas para o Jap\u00e3o. Eles aprovaram, e recentemente nos pediram uma carga bem maior\u201d, explica o coordenador da Cooperua\u00e7u, Joel Sirqueira.<\/p>\n<p><img decoding=\"async\" src=\"http:\/\/aconteceunovale.com.br\/portal\/wp-content\/uploads\/2017\/02\/pequi_januaria.jpg\" alt=\"\" \/><em>Beneficiamento do pequi (Foto: Cooperua\u00e7u\/Divulga\u00e7\u00e3o)<\/em><br \/>\n<\/br><\/p>\n<p><strong>VER PRIMEIRO<\/strong><\/p>\n<p><strong>Receba as not\u00edcias do Aconteceu no Vale em primeira m\u00e3o. Clique em curtir no endere\u00e7o <a href=\"https:\/\/www.facebook.com\/aconteceunovale\" target=\"_blank\"><font color=\"red\">www.facebook.com\/aconteceunovale<\/font><\/a> ou no box abaixo:<\/strong><\/p>\n<div class=\"fb-like\" data-href=\"https:\/\/www.facebook.com\/aconteceunovale\" data-width=\"120\" data-layout=\"standard\" data-action=\"like\" data-size=\"small\" data-show-faces=\"true\" data-share=\"true\"><\/div>\n<p><\/br><\/p>\n<p><em>(Fonte: G1 Grande Minas)<\/em><\/p>\n","protected":false},"excerpt":{"rendered":"<p>O trabalho desenvolvido por uma cooperativa busca fortalecer o extrativismo sustent\u00e1vel no Norte de Minas. Fundada em 2013, a Cooperativa dos Agricultores Familiares e Agroextrativistas do Vale do Perua\u00e7u (Cooperua\u00e7u) comercializa produtos derivados de frutos do cerrado, no munic\u00edpio de Janu\u00e1ria. Um dos principais objetivos da cooperativa \u00e9 incentivar a produ\u00e7\u00e3o de frutos do cerrado. [&hellip;]<\/p>\n","protected":false},"author":1,"featured_media":109145,"comment_status":"open","ping_status":"closed","sticky":false,"template":"","format":"standard","meta":{"amp_status":"","footnotes":""},"categories":[1236],"tags":[139932,139931,139928,139922,139929,139933,1018,139924,139926,139923,139925,139935,139934,205,139936,210,1653,139927,139930],"class_list":["post-109144","post","type-post","status-publish","format-standard","has-post-thumbnail","hentry","category-norte_de_minas","tag-central-de-cooperativas-do-cerrado-que-fica-em-brasilia","tag-central-do-cerrado","tag-cooperativa-dos-agricultores-familiares-e-agroextrativistas-do-vale-do-peruacu","tag-cooperativa-impulsiona-o-extrativismo-sustentavel-em-januaria","tag-cooperuacu","tag-copae","tag-destaque","tag-extrativismo-em-januaria","tag-extrativismo-no-norte-de-minas","tag-extrativismo-sustentavel-em-januaria","tag-extrativismo-sustentavel-no-norte-de-minas","tag-grande-sertao-de-montes-claros","tag-grande-sertao-veredas-da-chapada-gaucha","tag-januaria","tag-joel-sirqueira","tag-montes-claros","tag-pequi","tag-trabalho-desenvolvido-por-uma-cooperativa-busca-fortalecer-o-extrativismo-sustentavel-no-norte-de-minas","tag-vale-do-peruacu"],"_links":{"self":[{"href":"https:\/\/aconteceunovale.com.br\/portal\/index.php?rest_route=\/wp\/v2\/posts\/109144","targetHints":{"allow":["GET"]}}],"collection":[{"href":"https:\/\/aconteceunovale.com.br\/portal\/index.php?rest_route=\/wp\/v2\/posts"}],"about":[{"href":"https:\/\/aconteceunovale.com.br\/portal\/index.php?rest_route=\/wp\/v2\/types\/post"}],"author":[{"embeddable":true,"href":"https:\/\/aconteceunovale.com.br\/portal\/index.php?rest_route=\/wp\/v2\/users\/1"}],"replies":[{"embeddable":true,"href":"https:\/\/aconteceunovale.com.br\/portal\/index.php?rest_route=%2Fwp%2Fv2%2Fcomments&post=109144"}],"version-history":[{"count":0,"href":"https:\/\/aconteceunovale.com.br\/portal\/index.php?rest_route=\/wp\/v2\/posts\/109144\/revisions"}],"wp:featuredmedia":[{"embeddable":true,"href":"https:\/\/aconteceunovale.com.br\/portal\/index.php?rest_route=\/wp\/v2\/media\/109145"}],"wp:attachment":[{"href":"https:\/\/aconteceunovale.com.br\/portal\/index.php?rest_route=%2Fwp%2Fv2%2Fmedia&parent=109144"}],"wp:term":[{"taxonomy":"category","embeddable":true,"href":"https:\/\/aconteceunovale.com.br\/portal\/index.php?rest_route=%2Fwp%2Fv2%2Fcategories&post=109144"},{"taxonomy":"post_tag","embeddable":true,"href":"https:\/\/aconteceunovale.com.br\/portal\/index.php?rest_route=%2Fwp%2Fv2%2Ftags&post=109144"}],"curies":[{"name":"wp","href":"https:\/\/api.w.org\/{rel}","templated":true}]}}