{"id":108991,"date":"2017-02-13T20:38:09","date_gmt":"2017-02-13T22:38:09","guid":{"rendered":"http:\/\/aconteceunovale.com.br\/portal\/?p=108991"},"modified":"2017-02-13T20:38:09","modified_gmt":"2017-02-13T22:38:09","slug":"casa-de-pai-que-cortou-o-pescoco-de-duas-filhas-em-minas-e-incendida-por-populares-revoltados","status":"publish","type":"post","link":"https:\/\/aconteceunovale.com.br\/portal\/?p=108991","title":{"rendered":"Casa de pai que cortou o pesco\u00e7o de duas filhas em Minas \u00e9 incendida por populares revoltados"},"content":{"rendered":"<p>Moradores revoltados com a morte de duas garotas de 3 e de 7 anos atearam fogo na casa do pai delas no Bairro Morada Nova, em Contagem, na Regi\u00e3o Metropolitana de Belo Horizonte. O homem teria cometido o crime por n\u00e3o aceitar o fim do relacionamento com a m\u00e3e das v\u00edtimas. O im\u00f3vel onde morava foi destru\u00eddo pelas chamas.<\/p>\n<p>De acordo com a Pol\u00edcia Militar (PM), os moradores atearam fogo no im\u00f3vel ainda na noite de domingo, horas depois do duplo homic\u00eddio. Os militares deslocaram at\u00e9 o Bairro Morada Nova e j\u00e1 encontraram a casa em chamas. O barrac\u00e3o de tr\u00eas c\u00f4modos foi totalmente destru\u00eddo pelo fogo. O Corpo de Bombeiros foi acionado e conseguiu debelar o inc\u00eandio. A corrente que fechava o port\u00e3o do im\u00f3vel teve que ser destru\u00eddo para os trabalhos. <\/p>\n<p>Em conversa com os policiais, testemunhas contaram que os moradores ficaram revoltados com o crime b\u00e1rbaro cometido pelo dono do im\u00f3vel. Por isso, atearam fogo no im\u00f3vel, local onde o duplo homic\u00eddio aconteceu. A per\u00edcia da Pol\u00edcia Civil j\u00e1 tinha realizado os trabalho de investiga\u00e7\u00e3o no local antes do inc\u00eandio. <\/p>\n<p>O crime aconteceu no \u00faltimo domingo. O homem, Eduardo Carvalho Campos, de 36 anos, inconformado com o fim do relacionamento, usou uma faca para cortar o pesco\u00e7o das duas meninas, Lu\u00edza Gomes Carvalho, de 3, e Eduarda Gomes Carvalho, de 7. Elas tinha sido deixadas pela m\u00e3e horas antes sob a guarda do pai. As crian\u00e7as chegaram a ser socorridas na Unidade de Pronto Atendimento (UPA) do Bairro Ressaca, mas morreram devido aos graves ferimentos. <\/p>\n<p>O suspeito teria sido visto por vizinhos da Rua 16, em frente ao n\u00famero 275, cometendo o crime e depois fugiu, causando grande revolta nos moradores da regi\u00e3o. O agressor morreu depois de ser atropelado por uma carreta na BR-381, em Contagem, na Grande BH.<\/p>\n<p><img decoding=\"async\" src=\"http:\/\/aconteceunovale.com.br\/portal\/wp-content\/uploads\/2017\/02\/casa_queimada_contagem.jpg\" alt=\"\" \/><em>Casa do suspeito foi incendiada (Foto: Oswaldo Diniz\/Itatiaia)<\/em><br \/>\n<\/br><\/p>\n<p><strong>VER PRIMEIRO<\/strong><\/p>\n<p><strong>Receba as not\u00edcias do Aconteceu no Vale em primeira m\u00e3o. Clique em curtir no endere\u00e7o <a href=\"https:\/\/www.facebook.com\/aconteceunovale\" target=\"_blank\"><font color=\"red\">www.facebook.com\/aconteceunovale<\/font><\/a> ou no box abaixo:<\/strong><\/p>\n<div class=\"fb-like\" data-href=\"https:\/\/www.facebook.com\/aconteceunovale\" data-width=\"120\" data-layout=\"standard\" data-action=\"like\" data-size=\"small\" data-show-faces=\"true\" data-share=\"true\"><\/div>\n<p><\/br><\/p>\n<p><em>(Fonte: Estado de Minas)<\/em><\/p>\n","protected":false},"excerpt":{"rendered":"<p>Moradores revoltados com a morte de duas garotas de 3 e de 7 anos atearam fogo na casa do pai delas no Bairro Morada Nova, em Contagem, na Regi\u00e3o Metropolitana de Belo Horizonte. O homem teria cometido o crime por n\u00e3o aceitar o fim do relacionamento com a m\u00e3e das v\u00edtimas. O im\u00f3vel onde morava [&hellip;]<\/p>\n","protected":false},"author":1,"featured_media":108992,"comment_status":"open","ping_status":"closed","sticky":false,"template":"","format":"standard","meta":{"amp_status":"","footnotes":""},"categories":[123],"tags":[139617,139629,956,139551,139618,139553,139552,139619,139550,139615,139569,139616,139630,139549,139555,139554],"class_list":["post-108991","post","type-post","status-publish","format-standard","has-post-thumbnail","hentry","category-gerais","tag-bairro-morada-nova","tag-casa-de-pai-que-cortou-o-pescoco-de-duas-filhas-em-minas-e-incendida-por-populares-revoltados","tag-contagem","tag-corta-pescoco-das-filhas-em-contagem","tag-corta-pescoco-das-filhas-no-bairro-morada-nova","tag-criancas-degoladas-em-contagem","tag-crime-barbaro-em-contagem","tag-crime-barbaro-no-bairro-morada-nova","tag-degola-filhas-em-contagem","tag-eduarda-gomes-carvalho","tag-eduardo-carvalho-campos","tag-luisa-gomes-carvalho","tag-luiza-gomes-carvalho","tag-mata-filhas-em-contagem","tag-pai-corta-pescoco-de-filhas-de-3-e-7-anos-em-contagem","tag-pai-corta-pescoco-de-filhas-de-3-e-7-anos-em-minas"],"_links":{"self":[{"href":"https:\/\/aconteceunovale.com.br\/portal\/index.php?rest_route=\/wp\/v2\/posts\/108991","targetHints":{"allow":["GET"]}}],"collection":[{"href":"https:\/\/aconteceunovale.com.br\/portal\/index.php?rest_route=\/wp\/v2\/posts"}],"about":[{"href":"https:\/\/aconteceunovale.com.br\/portal\/index.php?rest_route=\/wp\/v2\/types\/post"}],"author":[{"embeddable":true,"href":"https:\/\/aconteceunovale.com.br\/portal\/index.php?rest_route=\/wp\/v2\/users\/1"}],"replies":[{"embeddable":true,"href":"https:\/\/aconteceunovale.com.br\/portal\/index.php?rest_route=%2Fwp%2Fv2%2Fcomments&post=108991"}],"version-history":[{"count":0,"href":"https:\/\/aconteceunovale.com.br\/portal\/index.php?rest_route=\/wp\/v2\/posts\/108991\/revisions"}],"wp:featuredmedia":[{"embeddable":true,"href":"https:\/\/aconteceunovale.com.br\/portal\/index.php?rest_route=\/wp\/v2\/media\/108992"}],"wp:attachment":[{"href":"https:\/\/aconteceunovale.com.br\/portal\/index.php?rest_route=%2Fwp%2Fv2%2Fmedia&parent=108991"}],"wp:term":[{"taxonomy":"category","embeddable":true,"href":"https:\/\/aconteceunovale.com.br\/portal\/index.php?rest_route=%2Fwp%2Fv2%2Fcategories&post=108991"},{"taxonomy":"post_tag","embeddable":true,"href":"https:\/\/aconteceunovale.com.br\/portal\/index.php?rest_route=%2Fwp%2Fv2%2Ftags&post=108991"}],"curies":[{"name":"wp","href":"https:\/\/api.w.org\/{rel}","templated":true}]}}