{"id":108989,"date":"2017-02-13T19:56:16","date_gmt":"2017-02-13T21:56:16","guid":{"rendered":"http:\/\/aconteceunovale.com.br\/portal\/?p=108989"},"modified":"2017-02-13T19:56:16","modified_gmt":"2017-02-13T21:56:16","slug":"partidos-definem-candidatos-para-as-eleicoes-suplementares-de-marco-em-alvorada-de-minas","status":"publish","type":"post","link":"https:\/\/aconteceunovale.com.br\/portal\/?p=108989","title":{"rendered":"Partidos definem candidatos para as elei\u00e7\u00f5es suplementares de mar\u00e7o em Alvorada de Minas"},"content":{"rendered":"<p>Os candidatos que concorrer\u00e3o aos cargos de prefeito e vice nas elei\u00e7\u00f5es suplementares de 12 de mar\u00e7o j\u00e1 apresentaram os seus pedidos de registro de candidatura. O prazo para julgamento dos pedidos pelos ju\u00edzes eleitorais termina no dia 28 de fevereiro.<\/p>\n<p>As novas elei\u00e7\u00f5es acontecer\u00e3o em tr\u00eas munic\u00edpios do estado: Alvorada de Minas (262\u00aa Zona Eleitoral, de Serro), Erv\u00e1lia (107\u00aa Zona Eleitoral, de Erv\u00e1lia) e S\u00e3o Bento Abade (272\u00aa Zona Eleitoral, de Tr\u00eas Cora\u00e7\u00f5es).<\/p>\n<p>Os eleitores dos tr\u00eas munic\u00edpios, os mesmos que votaram nas Elei\u00e7\u00f5es 2016, voltam \u00e0s urnas para escolher prefeito e vice. As elei\u00e7\u00f5es ser\u00e3o das 8h \u00e0s 17h, com as mesmas mesas receptoras de votos constitu\u00eddas para as elei\u00e7\u00f5es que aconteceram em outubro de 2016. Poder\u00e3o votar os eleitores inscritos no cadastro eleitoral at\u00e9 12 de outubro de 2016.<\/p>\n<p>A diploma\u00e7\u00e3o dos candidatos eleitos deve ocorrer at\u00e9 o dia 31 de mar\u00e7o.<\/p>\n<p><strong>Alvorada de Minas<\/strong><\/p>\n<p>S\u00e3o duas coliga\u00e7\u00f5es e um partido isolado disputando as novas elei\u00e7\u00f5es em Alvorada de Minas (Regi\u00e3o Central). Concorrem Carlos Frederico Caldeira de Abreu e o vice Vandeir Pimenta Moreira, pelo PMDB. Pela Coliga\u00e7\u00e3o \u201cUnidos por Alvorada\u201d, Cleber Bosco Padilha (PT do B) e o vice Jo\u00e3o Pedro de Oliveira Lima (PHS). Vitor Hugo Ferreira dos Santos (SD) e Cristiano Jos\u00e9 de Aguiar (DEM), pela Coliga\u00e7\u00e3o \u201cUnidos com a for\u00e7a do povo\u201d.<\/p>\n<p>Dos seis candidatos concorrentes, apenas Cristiano Jose de Aguiar participou das elei\u00e7\u00f5es de 2016, sendo eleito vereador.<\/p>\n<p><strong>Erv\u00e1lia<\/strong> <\/p>\n<p>Em Erv\u00e1lia (Zona da Mata), s\u00e3o dois concorrentes. Pela Coliga\u00e7\u00e3o \u201cUnidos por Erv\u00e1lia\u201d, Alex Ruela de Almeida (PSDB) e seu vice, Luciano Caetano de Andrade (PSDB). A disputa ser\u00e1 contra Eloisio Antonio de Castro (DEM) e o vice, Jos\u00e9 Mauro Godinho (PT), candidatos pela Coliga\u00e7\u00e3o \u201cRumo aos novos tempos\u201d.<\/p>\n<p>O candidato Eloisio concorreu nas elei\u00e7\u00f5es de outubro de 2016 como vice na chapa que venceu nas urnas. Por\u00e9m, o ent\u00e3o candidato a prefeito, Edson Rezende, foi declarado ineleg\u00edvel, o que ensejou as novas elei\u00e7\u00f5es.  Alex tamb\u00e9m concorreu em 2016, como vice na chapa derrotada.<\/p>\n<p><strong>S\u00e3o Bento Abade<\/strong><\/p>\n<p>S\u00e3o tr\u00eas chapas registradas em S\u00e3o Bento Abade(Sul de Minas), lan\u00e7adas por duas coliga\u00e7\u00f5es e por um partido isolado.<\/p>\n<p>O PDT concorre isoladamente com os candidatos Jos\u00e9 Roberto Furtado e seu vice Lauro Izidoro da Silva.  Jane Rezende Silva Elizei (PT) e Ad\u00e9lio Brasileiro de Castro, pela Coliga\u00e7\u00e3o \u201cRenovar para crescer\u201d. E a Coliga\u00e7\u00e3o \u201cRenova\u00e7\u00e3o\u201d apresentou os candidatos Eneias Machado de Souza (PTB) e o vice Luiz Alberto Rosa (PR).<\/p>\n<p>A candidata Jane Silva \u00e9 irm\u00e3 da candidata que venceu nas urnas em 2016, Janete Silva, considerada ineleg\u00edvel pelo TSE. Ad\u00e9lio Castro j\u00e1 havia sido candidato a vice na chapa de Janete. Jos\u00e9 Roberto e Eneias Souza &#8211; e seus respectivos vices &#8211; concorreram tamb\u00e9m nas elei\u00e7\u00f5es de 2016 para o cargo de prefeito.<\/p>\n<p>Os pedidos de registro podem ser acompanhados pelo sistema de divulga\u00e7\u00e3o de candidaturas\/elei\u00e7\u00f5es suplementares, que est\u00e1 sendo atualizado com as informa\u00e7\u00f5es dos candidatos.<\/p>\n<p>Desde o dia 10 de fevereiro, at\u00e9 a proclama\u00e7\u00e3o dos eleitos, os Cart\u00f3rios Eleitorais respons\u00e1veis pelos tr\u00eas munic\u00edpios funcionar\u00e3o das 12 \u00e0s 19 horas nos dias \u00fateis, e das 13 \u00e0s 19 horas aos s\u00e1bados, domingos e feriados. E no dia 11 iniciou-se a propaganda eleitoral dos candidatos.<\/p>\n<p><strong>VER PRIMEIRO<\/strong><\/p>\n<p><strong>Receba as not\u00edcias do Aconteceu no Vale em primeira m\u00e3o. Clique em curtir no endere\u00e7o <a href=\"https:\/\/www.facebook.com\/aconteceunovale\" target=\"_blank\"><font color=\"red\">www.facebook.com\/aconteceunovale<\/font><\/a> ou no box abaixo:<\/strong><\/p>\n<div class=\"fb-like\" data-href=\"https:\/\/www.facebook.com\/aconteceunovale\" data-width=\"120\" data-layout=\"standard\" data-action=\"like\" data-size=\"small\" data-show-faces=\"true\" data-share=\"true\"><\/div>\n<p><\/br><\/p>\n<p><em>(Fonte: TRE-MG)<\/em><\/p>\n","protected":false},"excerpt":{"rendered":"<p>Os candidatos que concorrer\u00e3o aos cargos de prefeito e vice nas elei\u00e7\u00f5es suplementares de 12 de mar\u00e7o j\u00e1 apresentaram os seus pedidos de registro de candidatura. O prazo para julgamento dos pedidos pelos ju\u00edzes eleitorais termina no dia 28 de fevereiro. As novas elei\u00e7\u00f5es acontecer\u00e3o em tr\u00eas munic\u00edpios do estado: Alvorada de Minas (262\u00aa Zona [&hellip;]<\/p>\n","protected":false},"author":1,"featured_media":95688,"comment_status":"open","ping_status":"closed","sticky":false,"template":"","format":"standard","meta":{"amp_status":"","footnotes":""},"categories":[123,40240],"tags":[972,139620,139622,139625,137166,137165,137164,137161,137163,989,137162,1500,139623,139626,139627,139628,137167,1625,154,139621,139624],"class_list":["post-108989","post","type-post","status-publish","format-standard","has-post-thumbnail","hentry","category-gerais","category-politica-2","tag-alvorada-de-minas","tag-carlos-frederico-caldeira-de-abreu","tag-cleber-bosco-padilha","tag-cristiano-jose-de-aguiar","tag-danilio-clessio-ferreira","tag-eleicao-em-alvorada-de-minas","tag-eleicao-para-prefeito-em-alvorada-de-minas","tag-eleicoes-extemporaneas","tag-eleicoes-extemporaneas-em-alvorada-de-minas","tag-eleicoes-suplementares","tag-eleicoes-suplementares-em-alvorada-de-minas","tag-ervalia","tag-joao-pedro-de-oliveira-lima","tag-partidos-definem-candidatos-para-as-eleicoes-suplementares-de-marco-em-alvorada-de-minas","tag-partidos-definem-candidatos-para-as-eleicoes-suplementares-de-marco-em-ervalia","tag-partidos-definem-candidatos-para-as-eleicoes-suplementares-de-marco-em-sao-bento-abade","tag-populacao-de-alvorada-de-minas-escolhera-novo-prefeito-em-marco","tag-sao-bento-abade","tag-serro","tag-vandeir-pimenta-moreira","tag-vitor-hugo-ferreira-dos-santos"],"_links":{"self":[{"href":"https:\/\/aconteceunovale.com.br\/portal\/index.php?rest_route=\/wp\/v2\/posts\/108989","targetHints":{"allow":["GET"]}}],"collection":[{"href":"https:\/\/aconteceunovale.com.br\/portal\/index.php?rest_route=\/wp\/v2\/posts"}],"about":[{"href":"https:\/\/aconteceunovale.com.br\/portal\/index.php?rest_route=\/wp\/v2\/types\/post"}],"author":[{"embeddable":true,"href":"https:\/\/aconteceunovale.com.br\/portal\/index.php?rest_route=\/wp\/v2\/users\/1"}],"replies":[{"embeddable":true,"href":"https:\/\/aconteceunovale.com.br\/portal\/index.php?rest_route=%2Fwp%2Fv2%2Fcomments&post=108989"}],"version-history":[{"count":0,"href":"https:\/\/aconteceunovale.com.br\/portal\/index.php?rest_route=\/wp\/v2\/posts\/108989\/revisions"}],"wp:featuredmedia":[{"embeddable":true,"href":"https:\/\/aconteceunovale.com.br\/portal\/index.php?rest_route=\/wp\/v2\/media\/95688"}],"wp:attachment":[{"href":"https:\/\/aconteceunovale.com.br\/portal\/index.php?rest_route=%2Fwp%2Fv2%2Fmedia&parent=108989"}],"wp:term":[{"taxonomy":"category","embeddable":true,"href":"https:\/\/aconteceunovale.com.br\/portal\/index.php?rest_route=%2Fwp%2Fv2%2Fcategories&post=108989"},{"taxonomy":"post_tag","embeddable":true,"href":"https:\/\/aconteceunovale.com.br\/portal\/index.php?rest_route=%2Fwp%2Fv2%2Ftags&post=108989"}],"curies":[{"name":"wp","href":"https:\/\/api.w.org\/{rel}","templated":true}]}}