{"id":108982,"date":"2017-02-13T18:49:24","date_gmt":"2017-02-13T20:49:24","guid":{"rendered":"http:\/\/aconteceunovale.com.br\/portal\/?p=108982"},"modified":"2017-02-22T20:41:17","modified_gmt":"2017-02-22T22:41:17","slug":"divulgada-a-programacao-do-carnaval-2017-em-minas-novas","status":"publish","type":"post","link":"https:\/\/aconteceunovale.com.br\/portal\/?p=108982","title":{"rendered":"Divulgada a programa\u00e7\u00e3o do carnaval 2017 em Minas Novas"},"content":{"rendered":"<p>Foi divulgada nesta segunda-feira (13\/02\/2017) a programa\u00e7\u00e3o oficial do Carnaval Bom D+ 2017 em Minas Novas, no Vale do Jequitinhonha. A principal atra\u00e7\u00e3o do evento ser\u00e1 a Banda Cheiro de Amor, comandada pela vocalista Vina Calmon.<\/p>\n<p>O carnaval de Minas Novas ter\u00e1 ainda shows com Alma Sant, T\u00falio Mac\u00eado, Swing\u00e3o do Ghetto, Fernanda Portilho, Igor Niz, Banda Barco a Vela e Roger Castro.<\/p>\n<p>Confira abaixo a programa\u00e7\u00e3o completa:<\/p>\n<p><strong>24\/02\/2017 (sexta-feira):<\/strong><br \/>\n&#8211; Banda Alma Santa<\/p>\n<p><strong>25\/02\/2017 (s\u00e1bado):<\/strong><br \/>\n&#8211; Banda Cheiro de Amor<br \/>\n&#8211; T\u00falio Mac\u00eado<\/p>\n<p><strong>26\/02\/2017 (domingo):<\/strong><br \/>\n&#8211; Banda Swing\u00e3o do Ghetto<br \/>\n&#8211; Igor Niz<br \/>\n&#8211; Mercad\u00e3o do Samba com Mlk&#8217;s<br \/>\n&#8211; Matin\u00ea terceira idade com Banda Cosmos<br \/>\n&#8211; Desfile de Blocos<\/p>\n<p><strong>27\/02\/2017 (segunda-feira):<\/strong><br \/>\n&#8211; Fernanda Portilho<br \/>\n&#8211; Mlk&#8217;s<br \/>\n&#8211; Mercad\u00e3o do Samba com Alma Santa<br \/>\n&#8211; Matin\u00ea terceira idade com Igor Niz<br \/>\n&#8211; Desfile de Blocos<\/p>\n<p><strong>28\/02\/2017 (ter\u00e7a-feira):<\/strong><br \/>\n&#8211; Banda Barco a Vela<br \/>\n&#8211; Roger Castro<br \/>\n&#8211; Mercad\u00e3o do Samba com M\u00e3e Dede<\/p>\n<p><img decoding=\"async\" src=\"http:\/\/aconteceunovale.com.br\/portal\/wp-content\/uploads\/2017\/02\/mn_carnaval_2017_1.jpg\" alt=\"\" \/><img decoding=\"async\" src=\"http:\/\/aconteceunovale.com.br\/portal\/wp-content\/uploads\/2017\/02\/mn_carnaval_2017_2.jpg\" alt=\"\" \/><img decoding=\"async\" src=\"http:\/\/aconteceunovale.com.br\/portal\/wp-content\/uploads\/2017\/02\/mn_carnaval_2017_3.jpg\" alt=\"\" \/><br \/>\n<\/br><\/p>\n<p><strong>VER PRIMEIRO<\/strong><\/p>\n<p><strong>Receba as not\u00edcias do Aconteceu no Vale em primeira m\u00e3o. Clique em curtir no endere\u00e7o <a href=\"https:\/\/www.facebook.com\/aconteceunovale\" target=\"_blank\"><font color=\"red\">www.facebook.com\/aconteceunovale<\/font><\/a> ou no box abaixo:<\/strong><\/p>\n<div class=\"fb-like\" data-href=\"https:\/\/www.facebook.com\/aconteceunovale\" data-width=\"120\" data-layout=\"standard\" data-action=\"like\" data-size=\"small\" data-show-faces=\"true\" data-share=\"true\"><\/div>\n<p><\/br><\/p>\n","protected":false},"excerpt":{"rendered":"<p>Foi divulgada nesta segunda-feira (13\/02\/2017) a programa\u00e7\u00e3o oficial do Carnaval Bom D+ 2017 em Minas Novas, no Vale do Jequitinhonha. A principal atra\u00e7\u00e3o do evento ser\u00e1 a Banda Cheiro de Amor, comandada pela vocalista Vina Calmon. O carnaval de Minas Novas ter\u00e1 ainda shows com Alma Sant, T\u00falio Mac\u00eado, Swing\u00e3o do Ghetto, Fernanda Portilho, Igor [&hellip;]<\/p>\n","protected":false},"author":1,"featured_media":108987,"comment_status":"open","ping_status":"closed","sticky":false,"template":"","format":"standard","meta":{"amp_status":"","footnotes":""},"categories":[125,120],"tags":[139608,139602,139607,72952,138,4578,16121,139599,139606,72953,139596,139598,139603,3989,1018,139595,139611,137,139600,139604,139597,139612,139601,139605,72951,139610,139609,139614,139613],"class_list":["post-108982","post","type-post","status-publish","format-standard","has-post-thumbnail","hentry","category-noticias","category-jequi","tag-alma-sant","tag-atracoes-carnaval-bom-d-2017","tag-atracoes-do-carnaval-bom-d-2017-em-minas-novas","tag-atracoes-do-carnaval-de-minas-novas","tag-axe-pop","tag-banda-barco-a-vela","tag-banda-cheiro-de-amor","tag-bandas-carnaval-bom-d-2017","tag-bandas-do-carnaval-bom-d-2017-em-minas-novas","tag-bandas-do-carnaval-de-minas-novas","tag-carnaval-2017-em-minas-novas","tag-carnaval-bom-d-2017","tag-carnaval-bom-d-2017-em-minas-novas","tag-carnaval-de-minas-novas","tag-destaque","tag-divulgada-a-programacao-do-carnaval-2017-em-minas-novas","tag-igor-niz","tag-minas-novas","tag-programacao-carnaval-bom-d-2017","tag-programacao-do-carnaval-bom-d-2017-em-minas-novas","tag-programacao-do-carnaval-de-minas-novas","tag-roger-castro","tag-shows-carnaval-bom-d-2017","tag-shows-do-carnaval-bom-d-2017-em-minas-novas","tag-shows-do-carnaval-de-minas-novas","tag-swingao-do-ghetto","tag-tulio-macedo","tag-vina-calmon","tag-vocalista-vina-calmon"],"_links":{"self":[{"href":"https:\/\/aconteceunovale.com.br\/portal\/index.php?rest_route=\/wp\/v2\/posts\/108982","targetHints":{"allow":["GET"]}}],"collection":[{"href":"https:\/\/aconteceunovale.com.br\/portal\/index.php?rest_route=\/wp\/v2\/posts"}],"about":[{"href":"https:\/\/aconteceunovale.com.br\/portal\/index.php?rest_route=\/wp\/v2\/types\/post"}],"author":[{"embeddable":true,"href":"https:\/\/aconteceunovale.com.br\/portal\/index.php?rest_route=\/wp\/v2\/users\/1"}],"replies":[{"embeddable":true,"href":"https:\/\/aconteceunovale.com.br\/portal\/index.php?rest_route=%2Fwp%2Fv2%2Fcomments&post=108982"}],"version-history":[{"count":0,"href":"https:\/\/aconteceunovale.com.br\/portal\/index.php?rest_route=\/wp\/v2\/posts\/108982\/revisions"}],"wp:featuredmedia":[{"embeddable":true,"href":"https:\/\/aconteceunovale.com.br\/portal\/index.php?rest_route=\/wp\/v2\/media\/108987"}],"wp:attachment":[{"href":"https:\/\/aconteceunovale.com.br\/portal\/index.php?rest_route=%2Fwp%2Fv2%2Fmedia&parent=108982"}],"wp:term":[{"taxonomy":"category","embeddable":true,"href":"https:\/\/aconteceunovale.com.br\/portal\/index.php?rest_route=%2Fwp%2Fv2%2Fcategories&post=108982"},{"taxonomy":"post_tag","embeddable":true,"href":"https:\/\/aconteceunovale.com.br\/portal\/index.php?rest_route=%2Fwp%2Fv2%2Ftags&post=108982"}],"curies":[{"name":"wp","href":"https:\/\/api.w.org\/{rel}","templated":true}]}}