{"id":108950,"date":"2017-02-09T19:41:09","date_gmt":"2017-02-09T21:41:09","guid":{"rendered":"http:\/\/aconteceunovale.com.br\/portal\/?p=108950"},"modified":"2017-02-12T23:43:06","modified_gmt":"2017-02-13T01:43:06","slug":"direto-de-brasilia-jerusia-arruda-10","status":"publish","type":"post","link":"https:\/\/aconteceunovale.com.br\/portal\/?p=108950","title":{"rendered":"Direto de Bras\u00edlia \u2013 Jer\u00fasia Arruda"},"content":{"rendered":"<p><center><img decoding=\"async\" src=\"http:\/\/aconteceunovale.com.br\/portal\/wp-content\/uploads\/2017\/01\/jerusia_arruda.jpg\" alt=\"\" \/><a href=\"https:\/\/www.facebook.com\/jerusia.arruda\" target=\"_blank\">JER\u00daSIA ARRUDA &#8211; <font color=\"blue\">www.facebook.com\/jerusia.arruda<\/font><\/a><\/center><br \/>\n<\/br><\/p>\n<p><strong>UNIDADE DO INCRA EM MONTES CLAROS<\/strong><br \/>\nFoi publicada no Di\u00e1rio Oficial da Uni\u00e3o desta quinta-feira a Portaria n\u00ba 79, que autoriza a instala\u00e7\u00e3o de uma unidade avan\u00e7ada do Instituto Nacional de Coloniza\u00e7\u00e3o e Reforma Agr\u00e1ria (Incra) em Montes Claros. De acordo com a Portaria, a unidade vai contribuir para melhor organizar as a\u00e7\u00f5es do Incra e otimizar o atendimento aos trabalhadores rurais assentados em Minas Gerais. A autoriza\u00e7\u00e3o da instala\u00e7\u00e3o da unidade \u00e9 resultado de uma mobiliza\u00e7\u00e3o iniciada pelo deputado federal Z\u00e9 Silva (SD-MG) em 2011 e, de acordo com o parlamentar, o desafio \u00e9 que o Incra estenda o trabalho do governo federal para todo o estado mineiro, proporcionando a infraestrutura necess\u00e1ria para que os assentados e produtores rurais possam produzir com seguran\u00e7a. <\/p>\n<p><strong>AGRONOMIA PARA AGRICULTORES FAMILIARES<\/strong><br \/>\nOutra boa not\u00edcia para os mineiros \u00e9 que uma parceria entre o Incra e a Universidade Federal do Tri\u00e2ngulo Mineiro (UFTM) vai viabilizar a forma\u00e7\u00e3o da primeira turma de Agronomia para agricultores familiares assentados e quilombolas em Minas Gerais. O plano de trabalho do curso foi aprovado nesta quarta-feira (08) durante reuni\u00e3o na sede da autarquia, em Bras\u00edlia. <\/p>\n<p><strong>EDUCA\u00c7\u00c3O NA REFORMA AGR\u00c1RIA<\/strong><br \/>\nO curso de Agronomia da Universidade Federal do Tri\u00e2ngulo Mineiro \u00e9 uma iniciativa do Programa Nacional de Educa\u00e7\u00e3o na Reforma Agr\u00e1ria (Pronera), a\u00e7\u00e3o do Incra que financia projetos de educa\u00e7\u00e3o para agricultores assentados e p\u00fablico reconhecido pela autarquia, como acampados e quilombolas. Ser\u00e3o ofertadas 50 vagas para agricultores familiares de todo o pa\u00eds, que devem ser assentados da reforma agr\u00e1ria ou do Programa Nacional de Cr\u00e9dito Fundi\u00e1rio, acampados, extrativistas e quilombolas cadastrados pelo Incra. As aulas devem ocorrer de julho de 2017 a dezembro de 2022. A metodologia de ensino ser\u00e1 por meio da pedagogia da altern\u00e2ncia, com atividades na universidade e nas \u00e1reas rurais ondem vivem os alunos. <\/p>\n<p><strong>E AGORA JOS\u00c9?<\/strong><br \/>\nA Pol\u00edcia Federal concluiu investiga\u00e7\u00e3o sobre o presidente da C\u00e2mara, o deputado Rodrigo Maia (DEM-RJ), na opera\u00e7\u00e3o Lava-Jato, e apontou ind\u00edcios de corrup\u00e7\u00e3o passiva e de lavagem de dinheiro. A investiga\u00e7\u00e3o teve origem em mensagens de celular entre Maia e o empreiteiro L\u00e9o Pinheiro, ex-presidente da OAS. Segundo o inqu\u00e9rito, em troca de propina de R$ 1 milh\u00e3o, Maia teria defendido interesses da empreiteira no Congresso entre 2013 e 2014.<\/p>\n<p><strong>PRIMEIRA VIT\u00d3RIA<\/strong><br \/>\nO texto principal da pol\u00eamica Medida Provis\u00f3ria da reforma do ensino m\u00e9dio foi aprovado pelo Senado por 43 votos a 13. Uma das principais mudan\u00e7as \u00e9 na carga-hor\u00e1ria. As atuais 800 horas anuais v\u00e3o passar para 1.000 horas, ou seja, 5 horas di\u00e1rias. O tempo vai ser progressivamente ampliado para 1.400 horas. Depois da discuss\u00e3o liderada pelo presidente rec\u00e9m-eleito Eun\u00edcio Oliveira (PMDB-CE), o texto da reestrutura\u00e7\u00e3o do ensino m\u00e9dio segue agora para san\u00e7\u00e3o presidencial.<\/p>\n<p><strong>FRANCO FICA OU SAI?<\/strong><br \/>\nMal tomou posse como ministro da Secretaria-Geral da Presid\u00eancia e Moreira Franco teve a nomea\u00e7\u00e3o suspensa pela a Justi\u00e7a do Distrito Federal. Michel Temer nomeou o soci\u00f3logo na semana passada para o cargo, o que garantiu a ele foro privilegiado. Franco foi citado em dela\u00e7\u00f5es da Lava-Jato e a Justi\u00e7a comparou o caso com a posse do ex-presidente Lula como ministro no governo Dilma para &#8220;escapar&#8221; da jurisdi\u00e7\u00e3o de Sergio Moro. A Justi\u00e7a Federal no Rio tamb\u00e9m se manifestou liminarmente contra a posse de Franco como ministro e o Psol e a Rede entraram com mandados de seguran\u00e7a no STF pedindo a suspens\u00e3o da posse do ministro. Com a liminar em vigor, enquanto aguarda o julgamento do recurso da Advocacia-Geral da Uni\u00e3o, Moreira Franco n\u00e3o pode trabalhar no Planalto, embora possa circular pelas depend\u00eancias do pr\u00e9dio. A palavra final para essa guerra de liminares ser\u00e1 dada pelo STF. <\/p>\n<p><strong>FGTS INATIVO<\/strong><br \/>\nO ministro-chefe da Casa Civil, Eliseu Padilha disse nesta quinta-feira, durante o evento Caixa 2017, que as solicita\u00e7\u00f5es de saque das contas inativas do Fundo de Garantia do Tempo de Servi\u00e7o (FGTS) dever\u00e3o come\u00e7ar a ser apresentadas \u00e0 Caixa a partir do dia 14 de fevereiro pelos trabalhadores que t\u00eam direito aos recursos. O calend\u00e1rio de libera\u00e7\u00e3o do dinheiro ainda n\u00e3o foi divulgado oficialmente, mas os saques dever\u00e3o ocorrer de acordo com o m\u00eas de anivers\u00e1rio do trabalhador.<\/p>\n<p><strong>VER PRIMEIRO<\/strong><\/p>\n<p><strong>Receba as not\u00edcias do Aconteceu no Vale em primeira m\u00e3o. Clique em curtir no endere\u00e7o <a href=\"https:\/\/www.facebook.com\/aconteceunovale\" target=\"_blank\"><font color=\"red\">www.facebook.com\/aconteceunovale<\/font><\/a> ou no box abaixo:<\/strong><\/p>\n<div class=\"fb-like\" data-href=\"https:\/\/www.facebook.com\/aconteceunovale\" data-width=\"120\" data-layout=\"standard\" data-action=\"like\" data-size=\"small\" data-show-faces=\"true\" data-share=\"true\"><\/div>\n<p><\/br><\/p>\n","protected":false},"excerpt":{"rendered":"<p>JER\u00daSIA ARRUDA &#8211; www.facebook.com\/jerusia.arruda UNIDADE DO INCRA EM MONTES CLAROS Foi publicada no Di\u00e1rio Oficial da Uni\u00e3o desta quinta-feira a Portaria n\u00ba 79, que autoriza a instala\u00e7\u00e3o de uma unidade avan\u00e7ada do Instituto Nacional de Coloniza\u00e7\u00e3o e Reforma Agr\u00e1ria (Incra) em Montes Claros. De acordo com a Portaria, a unidade vai contribuir para melhor organizar [&hellip;]<\/p>\n","protected":false},"author":1,"featured_media":106574,"comment_status":"open","ping_status":"closed","sticky":false,"template":"","format":"standard","meta":{"amp_status":"","footnotes":""},"categories":[4927],"tags":[4606,135443,135343,135442,137424,206036],"class_list":["post-108950","post","type-post","status-publish","format-standard","has-post-thumbnail","hentry","category-colunistas","tag-brasilia","tag-coluna-direto-de-brasilia","tag-coluna-jerusia-arruda","tag-direto-de-brasilia","tag-direto-de-brasilia-jerusia-arruda","tag-jerusia-arruda"],"_links":{"self":[{"href":"https:\/\/aconteceunovale.com.br\/portal\/index.php?rest_route=\/wp\/v2\/posts\/108950","targetHints":{"allow":["GET"]}}],"collection":[{"href":"https:\/\/aconteceunovale.com.br\/portal\/index.php?rest_route=\/wp\/v2\/posts"}],"about":[{"href":"https:\/\/aconteceunovale.com.br\/portal\/index.php?rest_route=\/wp\/v2\/types\/post"}],"author":[{"embeddable":true,"href":"https:\/\/aconteceunovale.com.br\/portal\/index.php?rest_route=\/wp\/v2\/users\/1"}],"replies":[{"embeddable":true,"href":"https:\/\/aconteceunovale.com.br\/portal\/index.php?rest_route=%2Fwp%2Fv2%2Fcomments&post=108950"}],"version-history":[{"count":0,"href":"https:\/\/aconteceunovale.com.br\/portal\/index.php?rest_route=\/wp\/v2\/posts\/108950\/revisions"}],"wp:featuredmedia":[{"embeddable":true,"href":"https:\/\/aconteceunovale.com.br\/portal\/index.php?rest_route=\/wp\/v2\/media\/106574"}],"wp:attachment":[{"href":"https:\/\/aconteceunovale.com.br\/portal\/index.php?rest_route=%2Fwp%2Fv2%2Fmedia&parent=108950"}],"wp:term":[{"taxonomy":"category","embeddable":true,"href":"https:\/\/aconteceunovale.com.br\/portal\/index.php?rest_route=%2Fwp%2Fv2%2Fcategories&post=108950"},{"taxonomy":"post_tag","embeddable":true,"href":"https:\/\/aconteceunovale.com.br\/portal\/index.php?rest_route=%2Fwp%2Fv2%2Ftags&post=108950"}],"curies":[{"name":"wp","href":"https:\/\/api.w.org\/{rel}","templated":true}]}}