{"id":108911,"date":"2017-02-12T11:08:18","date_gmt":"2017-02-12T13:08:18","guid":{"rendered":"http:\/\/aconteceunovale.com.br\/portal\/?p=108911"},"modified":"2017-02-12T11:08:18","modified_gmt":"2017-02-12T13:08:18","slug":"sete-orgaos-publicos-abrem-inscricoes-para-463-vagas-nesta-semana","status":"publish","type":"post","link":"https:\/\/aconteceunovale.com.br\/portal\/?p=108911","title":{"rendered":"Sete \u00f3rg\u00e3os p\u00fablicos abrem inscri\u00e7\u00f5es para 463 vagas nesta semana"},"content":{"rendered":"<p>Pelo menos sete \u00f3rg\u00e3os abrem inscri\u00e7\u00f5es de concursos p\u00fablicos, nesta segunda-feira (13\/02\/2017), para 463 vagas e forma\u00e7\u00e3o de cadastro de reserva em cargos de n\u00edveis fundamental, m\u00e9dio e superior. Os sal\u00e1rios chegam a R$ 11.515,98 na Prefeitura de Serafina Corr\u00eaa (RS). Somente na Prefeitura de Manacapuru (AM) s\u00e3o 344 vagas.<\/p>\n<p>Nos concursos para forma\u00e7\u00e3o de cadastro de reserva, os candidatos aprovados s\u00e3o chamados conforme a abertura de vagas durante a validade do concurso. Confira as op\u00e7\u00f5es abaixo:<\/p>\n<p><strong>C\u00e2mara Municipal de S\u00e3o Jos\u00e9 do Rio Pardo (SP): <\/strong>A C\u00e2mara Municipal de S\u00e3o Jos\u00e9 do Rio Pardo (SP) divulgou edital de concurso p\u00fablico para 10 vagas em cargos de n\u00edveis fundamental, m\u00e9dio e superior. Os sal\u00e1rios v\u00e3o de R$ 1.174,10 a R$ 4.971,23. As inscri\u00e7\u00f5es podem ser feitas de 13 de fevereiro a 9 de mar\u00e7o pelo site www.sigmarh.com.br. A prova est\u00e1 prevista para o dia 2 de abril\u00a0<span style=\"color: #ff0000;\"><a href=\"http:\/\/web.sigmarh.com.br\/home\/\" target=\"_blank\" rel=\"noopener nofollow\"><span style=\"color: #ff0000;\">(veja o edital no site da organizadora)<\/span><\/a><\/span>.<\/p>\n<p><strong>Cons\u00f3rcio P\u00fablico Internacional de Sa\u00fade do Norte Pioneiro (Cisnorpi): <\/strong>O Cons\u00f3rcio P\u00fablico Internacional de Sa\u00fade do Norte Pioneiro (Cisnorpi), no Paran\u00e1, vai abrir processo seletivo para 9 vagas em cargos de todos os n\u00edveis de escolaridade. As remunera\u00e7\u00f5es variam de R$ 1.220 a R$ 3.747,86. Os candidatos podem se inscrever pelo site www.fundacaofafipa.org de 13 de fevereiro a 12 de mar\u00e7o. Todos ser\u00e3o avaliados por meio de prova objetiva, prevista para 2 de abril\u00a0<span style=\"color: #ff0000;\"><a href=\"http:\/\/concurso.fundacaofafipa.org.br\/concurso.xhtml\" target=\"_blank\" rel=\"noopener nofollow\"><span style=\"color: #ff0000;\">(veja o edital no site da organizadora)<\/span><\/a><\/span>.<\/p>\n<p><strong>Prefeitura de Capistrano (CE): <\/strong>A Prefeitura de Capistrano (CE) vai abrir processo seletivo para 12 vagas em cargos de agente comunit\u00e1rio de sa\u00fade e agente de combate \u00e0s endemias (n\u00edvel fundamental). As inscri\u00e7\u00f5es podem ser feitas de 13 a 24 de fevereiro na secretaria municipal de sa\u00fade da cidade, localizada na Rua Jos\u00e9 Saraiva Sobrinho, s\/n\u00ba, das 8h \u00e0s 14h. Os candidatos ser\u00e3o avaliados por meio de prova objetiva e an\u00e1lise de curr\u00edculo, previstos para o dia 30 de abril<span style=\"color: #ff0000;\">\u00a0<a href=\"http:\/\/www.capistrano.ce.gov.br\/\" target=\"_blank\" rel=\"noopener nofollow\"><span style=\"color: #ff0000;\">(veja o edital no site da prefeitura)<\/span><\/a><\/span>.<\/p>\n<p><strong>Prefeitura de Manacapuru (AM): <\/strong>A Prefeitura de Manacapuru (AM) divulgou edital de processo seletivo para 344 vagas em cargos de n\u00edveis fundamental, m\u00e9dio e superior. Os sal\u00e1rios v\u00e3o de R$ 937 a R$ 3 mil. As inscri\u00e7\u00f5es estar\u00e3o abertas de 13 a 17 de fevereiro na sede do Gr\u00eamio Recreativo dos Cabos e Soldados de Manacapuru, localizado na Rua Etelvina Gadelha, 1.017, das 8h \u00e0s 17h. A sele\u00e7\u00e3o ser\u00e1 feita por meio de an\u00e1lise de curr\u00edculos\u00a0<span style=\"color: #ff0000;\"><a href=\"http:\/\/www.diariomunicipal.com.br\/aam\/\" target=\"_blank\" rel=\"noopener nofollow\"><span style=\"color: #ff0000;\">(veja o edital no Di\u00e1rio Oficial dos Munic\u00edpios do Amazonas \u2013 edi\u00e7\u00e3o de 2 de fevereiro, a partir da p\u00e1gina 74)<\/span><\/a><\/span>.<\/p>\n<p><strong>Prefeitura de Nova Era (MG)<\/strong>:A Prefeitura de Nova Era (MG) divulgou edital de concurso p\u00fablico para 40 vagas em cargos de n\u00edveis m\u00e9dio e superior. As remunera\u00e7\u00f5es v\u00e3o de R$ 981,16 a R$ 2.539,91. Os candidatos podem se inscrever pelo site www.oppusconcursos.com.br entre os dias 13 e 27 de fevereiro. A prova objetiva ser\u00e1 aplicada na data prov\u00e1vel de 2 de abril\u00a0<span style=\"color: #ff0000;\"><a href=\"https:\/\/www.oppusconcursos.com.br\/publicacoes.php?cod_concurso=Vm10a01GSnJPVmRSYkVwUlZrUkJPUT09\" target=\"_blank\" rel=\"noopener nofollow\"><span style=\"color: #ff0000;\">(veja o edital no site da organizadora)<\/span><\/a><\/span>.<\/p>\n<p><strong>Prefeitura de Serafina Corr\u00eaa (RS)<\/strong>:A Prefeitura de Serafina Corr\u00eaa (RS) divulgou dois editais de processos seletivos para um total de 4 vagas em cargos de n\u00edvel superior. As remunera\u00e7\u00f5es v\u00e3o de R$ 5.287,95 a R$ 11.515,98. As inscri\u00e7\u00f5es podem ser feitas de 13 a 22 de fevereiro na sede da prefeitura, localizada na Avenida 25 de Julho, 202, das 8h30 \u00e0s 11h e das 13h30 \u00e0s 17h. A sele\u00e7\u00e3o ser\u00e1 feita por meio de an\u00e1lise de curr\u00edculos\u00a0<span style=\"color: #ff0000;\"><a href=\"http:\/\/www.serafinacorrea.rs.gov.br\/\" target=\"_blank\" rel=\"noopener nofollow\"><span style=\"color: #ff0000;\">(veja os editais no site da prefeitura)<\/span><\/a><\/span>.<\/p>\n<p><strong>Prefeitura de Sim\u00e3o Pereira (MG): <\/strong>A Prefeitura de Sim\u00e3o Pereira (MG) vai abrir concurso p\u00fablico para 44 vagas em cargos de todos os n\u00edveis de escolaridade. As remunera\u00e7\u00f5es v\u00e3o de R$ 794,43 a R$ 2.704,87. Os candidatos podem se inscrever de 13 de fevereiro a 13 de mar\u00e7o pelo site www.jcmconcursos.com.br. A sele\u00e7\u00e3o ser\u00e1 feita por meio de prova objetiva, prevista para o dia 23 de abril\u00a0<span style=\"color: #ff0000;\"><a href=\"http:\/\/concursos.concursosjcm.com.br\/informacoes\/79\/\" target=\"_blank\" rel=\"noopener nofollow\"><span style=\"color: #ff0000;\">(veja o edital no site da organizadora)<\/span><\/a><\/span>.<\/p>\n<p><strong>VER PRIMEIRO<\/strong><\/p>\n<p><strong>Receba as not\u00edcias do Aconteceu no Vale em primeira m\u00e3o. Clique em curtir no endere\u00e7o <a href=\"https:\/\/www.facebook.com\/aconteceunovale\" target=\"_blank\"><font color=\"red\">www.facebook.com\/aconteceunovale<\/font><\/a> ou no box abaixo:<\/strong><\/p>\n<div class=\"fb-like\" data-href=\"https:\/\/www.facebook.com\/aconteceunovale\" data-width=\"120\" data-layout=\"standard\" data-action=\"like\" data-size=\"small\" data-show-faces=\"true\" data-share=\"true\"><\/div>\n<p><\/br><\/p>\n<p><em>(Fonte: G1 Concursos e Emprego)<\/em><\/p>\n","protected":false},"excerpt":{"rendered":"<p>Pelo menos sete \u00f3rg\u00e3os abrem inscri\u00e7\u00f5es de concursos p\u00fablicos, nesta segunda-feira (13\/02\/2017), para 463 vagas e forma\u00e7\u00e3o de cadastro de reserva em cargos de n\u00edveis fundamental, m\u00e9dio e superior. Os sal\u00e1rios chegam a R$ 11.515,98 na Prefeitura de Serafina Corr\u00eaa (RS). Somente na Prefeitura de Manacapuru (AM) s\u00e3o 344 vagas. Nos concursos para forma\u00e7\u00e3o de [&hellip;]<\/p>\n","protected":false},"author":1,"featured_media":13951,"comment_status":"open","ping_status":"closed","sticky":false,"template":"","format":"standard","meta":{"amp_status":"","footnotes":""},"categories":[40237,40236],"tags":[139489,139502,139496,139490,139497,139494,139500,138480,139503,139506,139508,139493,139491,139498,139495,139501,138482,1103,139499,138479,21512,139504,139507,139492,139505,139509,113611],"class_list":["post-108911","post","type-post","status-publish","format-standard","has-post-thumbnail","hentry","category-concursos","category-empregos-2","tag-camara-municipal-de-sao-jose-do-rio-pardo","tag-capistrano","tag-cisnorpi","tag-concurso-camara-municipal-de-sao-jose-do-rio-pardo","tag-concurso-cisnorpi","tag-concurso-consorcio-publico-internacional-de-saude-do-norte-pioneiro","tag-concurso-prefeitura-de-capistrano","tag-concurso-prefeitura-de-manacapuru","tag-concurso-prefeitura-de-nova-era","tag-concurso-prefeitura-de-serafina-correa","tag-concurso-prefeitura-de-simao-pereira","tag-consorcio-publico-internacional-de-saude-do-norte-pioneiro","tag-edital-camara-municipal-de-sao-jose-do-rio-pardo","tag-edital-cisnorpi","tag-edital-consorcio-publico-internacional-de-saude-do-norte-pioneiro","tag-edital-prefeitura-de-capistrano","tag-manacapuru","tag-nova-era","tag-prefeitura-de-capistrano","tag-prefeitura-de-manacapuru","tag-prefeitura-de-nova-era","tag-prefeitura-de-serafina-correa","tag-prefeitura-de-simao-pereira","tag-sao-jose-do-rio-pardo","tag-serafina-correa","tag-sete-orgaos-publicos-abrem-inscricoes-para-463-vagas-nesta-semana","tag-simao-pereira"],"_links":{"self":[{"href":"https:\/\/aconteceunovale.com.br\/portal\/index.php?rest_route=\/wp\/v2\/posts\/108911","targetHints":{"allow":["GET"]}}],"collection":[{"href":"https:\/\/aconteceunovale.com.br\/portal\/index.php?rest_route=\/wp\/v2\/posts"}],"about":[{"href":"https:\/\/aconteceunovale.com.br\/portal\/index.php?rest_route=\/wp\/v2\/types\/post"}],"author":[{"embeddable":true,"href":"https:\/\/aconteceunovale.com.br\/portal\/index.php?rest_route=\/wp\/v2\/users\/1"}],"replies":[{"embeddable":true,"href":"https:\/\/aconteceunovale.com.br\/portal\/index.php?rest_route=%2Fwp%2Fv2%2Fcomments&post=108911"}],"version-history":[{"count":0,"href":"https:\/\/aconteceunovale.com.br\/portal\/index.php?rest_route=\/wp\/v2\/posts\/108911\/revisions"}],"wp:featuredmedia":[{"embeddable":true,"href":"https:\/\/aconteceunovale.com.br\/portal\/index.php?rest_route=\/wp\/v2\/media\/13951"}],"wp:attachment":[{"href":"https:\/\/aconteceunovale.com.br\/portal\/index.php?rest_route=%2Fwp%2Fv2%2Fmedia&parent=108911"}],"wp:term":[{"taxonomy":"category","embeddable":true,"href":"https:\/\/aconteceunovale.com.br\/portal\/index.php?rest_route=%2Fwp%2Fv2%2Fcategories&post=108911"},{"taxonomy":"post_tag","embeddable":true,"href":"https:\/\/aconteceunovale.com.br\/portal\/index.php?rest_route=%2Fwp%2Fv2%2Ftags&post=108911"}],"curies":[{"name":"wp","href":"https:\/\/api.w.org\/{rel}","templated":true}]}}