{"id":108906,"date":"2017-02-12T10:38:09","date_gmt":"2017-02-12T12:38:09","guid":{"rendered":"http:\/\/aconteceunovale.com.br\/portal\/?p=108906"},"modified":"2017-02-12T10:38:09","modified_gmt":"2017-02-12T12:38:09","slug":"horario-de-verao-termina-daqui-a-uma-semana","status":"publish","type":"post","link":"https:\/\/aconteceunovale.com.br\/portal\/?p=108906","title":{"rendered":"Hor\u00e1rio de ver\u00e3o termina daqui a uma semana"},"content":{"rendered":"<p>O hor\u00e1rio de ver\u00e3o acaba no pr\u00f3ximo domingo (19\/02\/2017), a partir da 0h, quando os rel\u00f3gios devem ser atrasados em uma hora nas regi\u00f5es Sul, Sudeste e Centro-Oeste. A medida, em vigor desde outubro, tem como objetivo aproveitar melhor a luz solar durante o per\u00edodo do ver\u00e3o, al\u00e9m de estimular o uso consciente da energia el\u00e9trica.<\/p>\n<p>A mudan\u00e7a de hor\u00e1rio \u00e9 adotada no Brasil desde 1931, e visa proporcionar uma economia de energia para o pa\u00eds, com um menor consumo no hor\u00e1rio de pico (das 18h \u00e0s 21h), pelo aproveitamento maior da luminosidade natural. Com isso, o uso de energia gerada por termel\u00e9tricas pode ser evitado, reduzindo o custo da gera\u00e7\u00e3o de eletricidade.<\/p>\n<p>A previs\u00e3o do governo \u00e9 que o Hor\u00e1rio de Ver\u00e3o deste ano resulte em uma economia de R$ 147,5 milh\u00f5es, por causa da redu\u00e7\u00e3o do uso de energia de termel\u00e9tricas. Na edi\u00e7\u00e3o anterior (2015\/2016), a ado\u00e7\u00e3o do hor\u00e1rio de ver\u00e3o possibilitou uma economia de R$ 162 milh\u00f5es.<\/p>\n<p><strong>VER PRIMEIRO<\/strong><\/p>\n<p><strong>Receba as not\u00edcias do Aconteceu no Vale em primeira m\u00e3o. Clique em curtir no endere\u00e7o <a href=\"https:\/\/www.facebook.com\/aconteceunovale\" target=\"_blank\"><font color=\"red\">www.facebook.com\/aconteceunovale<\/font><\/a> ou no box abaixo:<\/strong><\/p>\n<div class=\"fb-like\" data-href=\"https:\/\/www.facebook.com\/aconteceunovale\" data-width=\"120\" data-layout=\"standard\" data-action=\"like\" data-size=\"small\" data-show-faces=\"true\" data-share=\"true\"><\/div>\n<p><\/br><\/p>\n<p><em>(Ag\u00eancia Brasil)<\/em><\/p>\n","protected":false},"excerpt":{"rendered":"<p>O hor\u00e1rio de ver\u00e3o acaba no pr\u00f3ximo domingo (19\/02\/2017), a partir da 0h, quando os rel\u00f3gios devem ser atrasados em uma hora nas regi\u00f5es Sul, Sudeste e Centro-Oeste. A medida, em vigor desde outubro, tem como objetivo aproveitar melhor a luz solar durante o per\u00edodo do ver\u00e3o, al\u00e9m de estimular o uso consciente da energia [&hellip;]<\/p>\n","protected":false},"author":1,"featured_media":78833,"comment_status":"open","ping_status":"closed","sticky":false,"template":"","format":"standard","meta":{"amp_status":"","footnotes":""},"categories":[6],"tags":[139467,120342,120343,35418,77331,345,4263,139465,139468,139466],"class_list":["post-108906","post","type-post","status-publish","format-standard","has-post-thumbnail","hentry","category-br","tag-data-do-fim-do-horario-de-verao","tag-economia-com-o-horario-de-verao","tag-economia-de-energia-com-o-horario-de-verao","tag-energia-eletrica","tag-fim-do-horario-de-verao","tag-horario-de-verao","tag-horario-de-verao-acaba-no-proximo-domingo","tag-horario-de-verao-termina-daqui-a-uma-semana","tag-quando-termina-o-horario-de-verao","tag-termina-o-horario-de-verao"],"_links":{"self":[{"href":"https:\/\/aconteceunovale.com.br\/portal\/index.php?rest_route=\/wp\/v2\/posts\/108906","targetHints":{"allow":["GET"]}}],"collection":[{"href":"https:\/\/aconteceunovale.com.br\/portal\/index.php?rest_route=\/wp\/v2\/posts"}],"about":[{"href":"https:\/\/aconteceunovale.com.br\/portal\/index.php?rest_route=\/wp\/v2\/types\/post"}],"author":[{"embeddable":true,"href":"https:\/\/aconteceunovale.com.br\/portal\/index.php?rest_route=\/wp\/v2\/users\/1"}],"replies":[{"embeddable":true,"href":"https:\/\/aconteceunovale.com.br\/portal\/index.php?rest_route=%2Fwp%2Fv2%2Fcomments&post=108906"}],"version-history":[{"count":0,"href":"https:\/\/aconteceunovale.com.br\/portal\/index.php?rest_route=\/wp\/v2\/posts\/108906\/revisions"}],"wp:featuredmedia":[{"embeddable":true,"href":"https:\/\/aconteceunovale.com.br\/portal\/index.php?rest_route=\/wp\/v2\/media\/78833"}],"wp:attachment":[{"href":"https:\/\/aconteceunovale.com.br\/portal\/index.php?rest_route=%2Fwp%2Fv2%2Fmedia&parent=108906"}],"wp:term":[{"taxonomy":"category","embeddable":true,"href":"https:\/\/aconteceunovale.com.br\/portal\/index.php?rest_route=%2Fwp%2Fv2%2Fcategories&post=108906"},{"taxonomy":"post_tag","embeddable":true,"href":"https:\/\/aconteceunovale.com.br\/portal\/index.php?rest_route=%2Fwp%2Fv2%2Ftags&post=108906"}],"curies":[{"name":"wp","href":"https:\/\/api.w.org\/{rel}","templated":true}]}}