{"id":108764,"date":"2017-02-09T20:56:09","date_gmt":"2017-02-09T22:56:09","guid":{"rendered":"http:\/\/aconteceunovale.com.br\/portal\/?p=108764"},"modified":"2017-02-09T20:56:09","modified_gmt":"2017-02-09T22:56:09","slug":"trem-deixa-de-circular-entre-mg-e-es-pela-segunda-vez-esta-semana-por-causa-da-crise-na-seguranca","status":"publish","type":"post","link":"https:\/\/aconteceunovale.com.br\/portal\/?p=108764","title":{"rendered":"Trem deixa de circular entre MG e ES pela segunda vez esta semana por causa da crise na seguran\u00e7a"},"content":{"rendered":"<p>O trem de passageiros que liga Belo Horizonte \u00e0 Cariacica, na Regi\u00e3o Metropolitana de Vit\u00f3ria, vai operar apenas no trecho entre a capital mineira e Governador Valadares, no Vale do Rio Doce, nesta sexta-feira (10\/02\/2017).<\/p>\n<p>Segundo a Vale, que administra a ferrovia, o motivo \u00e9 a falta de seguran\u00e7a provocada pela greve de policiais militares no Esp\u00edrito Santo. \u00c9 a segunda vez esta semana que o trem deixa de operar nas esta\u00e7\u00f5es entre Governador Valadares e Cariacica.<\/p>\n<p>N\u00e3o h\u00e1 previs\u00e3o para que a situa\u00e7\u00e3o de restabele\u00e7a. Quem tinha viagem marcada para esta sexta poder\u00e1 remarcar o bilhete ou pedir o reembolso. O passageiro deve se dirigir, no prazo de at\u00e9 30 dias, a qualquer uma das esta\u00e7\u00f5es localizadas ao longo da Estrada de Ferro Vit\u00f3ria a Minas.<\/p>\n<p><img decoding=\"async\" src=\"http:\/\/aconteceunovale.com.br\/portal\/wp-content\/uploads\/2016\/11\/trem_vale.jpg\" alt=\"\" \/><em>Trem de passageiros da Estrada de Ferro Vit\u00f3ria a Minas (Foto: Vale\/Divulga\u00e7\u00e3o)<\/em><br \/>\n<\/br><\/p>\n<p><strong>VER PRIMEIRO<\/strong><\/p>\n<p><strong>Receba as not\u00edcias do Aconteceu no Vale em primeira m\u00e3o. Clique em curtir no endere\u00e7o <a href=\"https:\/\/www.facebook.com\/aconteceunovale\" target=\"_blank\"><font color=\"red\">www.facebook.com\/aconteceunovale<\/font><\/a> ou no box abaixo:<\/strong><\/p>\n<div class=\"fb-like\" data-href=\"https:\/\/www.facebook.com\/aconteceunovale\" data-width=\"120\" data-layout=\"standard\" data-action=\"like\" data-size=\"small\" data-show-faces=\"true\" data-share=\"true\"><\/div>\n<p><\/br><\/p>\n<p><em>(Fonte: G1 Minas)<\/em><\/p>\n","protected":false},"excerpt":{"rendered":"<p>O trem de passageiros que liga Belo Horizonte \u00e0 Cariacica, na Regi\u00e3o Metropolitana de Vit\u00f3ria, vai operar apenas no trecho entre a capital mineira e Governador Valadares, no Vale do Rio Doce, nesta sexta-feira (10\/02\/2017). Segundo a Vale, que administra a ferrovia, o motivo \u00e9 a falta de seguran\u00e7a provocada pela greve de policiais militares [&hellip;]<\/p>\n","protected":false},"author":1,"featured_media":103185,"comment_status":"open","ping_status":"closed","sticky":false,"template":"","format":"standard","meta":{"amp_status":"","footnotes":""},"categories":[6,123],"tags":[194,15869,27760,138439,26413,82223,138658,138655,138653,2352,138834,139230,2910,138659,138654,138657,138656,9763],"class_list":["post-108764","post","type-post","status-publish","format-standard","has-post-thumbnail","hentry","category-br","category-gerais","tag-belo-horizonte","tag-cariacica","tag-efvm","tag-es","tag-estrada-de-ferro-vitoria-a-minas","tag-pedro-nolasco","tag-por-causa-da-violencia-no-es","tag-suspensao-das-viagens-de-trem-de-belo-horizonte-para-vitoria","tag-suspensao-trem-da-vale","tag-trem-da-vale","tag-trem-da-vale-volta-a-circular-apos-suspensao-por-causa-de-violencia-no-es","tag-trem-deixa-de-circular-entre-mg-e-es-pela-segunda-vez-esta-semana-por-causa-da-crise-na-seguranca","tag-vale","tag-vale-suspende-viagens-de-trem-entre-belo-horizonte-e-cariacica","tag-viagens-de-trem-de-belo-horizonte-para-vitoria","tag-violencia-no-es","tag-violencia-no-espirito-santo","tag-vitoria"],"_links":{"self":[{"href":"https:\/\/aconteceunovale.com.br\/portal\/index.php?rest_route=\/wp\/v2\/posts\/108764","targetHints":{"allow":["GET"]}}],"collection":[{"href":"https:\/\/aconteceunovale.com.br\/portal\/index.php?rest_route=\/wp\/v2\/posts"}],"about":[{"href":"https:\/\/aconteceunovale.com.br\/portal\/index.php?rest_route=\/wp\/v2\/types\/post"}],"author":[{"embeddable":true,"href":"https:\/\/aconteceunovale.com.br\/portal\/index.php?rest_route=\/wp\/v2\/users\/1"}],"replies":[{"embeddable":true,"href":"https:\/\/aconteceunovale.com.br\/portal\/index.php?rest_route=%2Fwp%2Fv2%2Fcomments&post=108764"}],"version-history":[{"count":0,"href":"https:\/\/aconteceunovale.com.br\/portal\/index.php?rest_route=\/wp\/v2\/posts\/108764\/revisions"}],"wp:featuredmedia":[{"embeddable":true,"href":"https:\/\/aconteceunovale.com.br\/portal\/index.php?rest_route=\/wp\/v2\/media\/103185"}],"wp:attachment":[{"href":"https:\/\/aconteceunovale.com.br\/portal\/index.php?rest_route=%2Fwp%2Fv2%2Fmedia&parent=108764"}],"wp:term":[{"taxonomy":"category","embeddable":true,"href":"https:\/\/aconteceunovale.com.br\/portal\/index.php?rest_route=%2Fwp%2Fv2%2Fcategories&post=108764"},{"taxonomy":"post_tag","embeddable":true,"href":"https:\/\/aconteceunovale.com.br\/portal\/index.php?rest_route=%2Fwp%2Fv2%2Ftags&post=108764"}],"curies":[{"name":"wp","href":"https:\/\/api.w.org\/{rel}","templated":true}]}}