{"id":108753,"date":"2017-02-09T19:54:53","date_gmt":"2017-02-09T21:54:53","guid":{"rendered":"http:\/\/aconteceunovale.com.br\/portal\/?p=108753"},"modified":"2017-02-09T19:54:53","modified_gmt":"2017-02-09T21:54:53","slug":"ponte-provisoria-que-da-acesso-a-mendes-pimentel-cai-pela-sexta-vez","status":"publish","type":"post","link":"https:\/\/aconteceunovale.com.br\/portal\/?p=108753","title":{"rendered":"Ponte provis\u00f3ria que d\u00e1 acesso a Mendes Pimentel cai pela sexta vez"},"content":{"rendered":"<p>Ap\u00f3s novas chuvas que atingiram a regi\u00e3o do Rio Doce nos \u00faltimos dias, a ponte que d\u00e1 acesso a cidade de Mendes Pimentel, na MG-417, cedeu pela sexta vez nesta quarta-feira (8\/2\/2017). O Departamento de Edifica\u00e7\u00f5es e Estradas de Rodagem de Minas Gerais (DEER\/MG) disse que j\u00e1 tem equipes trabalhando no local.<\/p>\n<p>A ponte cedeu em novembro do ano passado ap\u00f3s fortes chuvas que atingiram a regi\u00e3o e uma ponte provis\u00f3ria foi constru\u00edda ao lado da ponte principal, por\u00e9m essa provis\u00f3ria cedeu por diversas vezes. Em janeiro deste ano, uma mulher de 52 anos morreu ao passar pelo local. O carro dela foi arrastado pela correnteza e o corpo da v\u00edtima encontrado a 18 quil\u00f4metros de dist\u00e2ncia do desvio.<\/p>\n<p>Nesta quinta-feira (9) os moradores da cidade tiveram que enfrentar lama para passar pelo local. Policiais militares foram para o desvio para dar seguran\u00e7a aos moradores que passavam pelo local. Segundo o DEER, t\u00e9cnicos trabalham no local e devem liberar o desvio at\u00e9 a noite desta quinta-feira (9).<\/p>\n<p>\u201cA recupera\u00e7\u00e3o definitiva no local ser\u00e1 feita com a constru\u00e7\u00e3o de uma estrutura em concreto pr\u00e9-moldado e a previs\u00e3o de conclus\u00e3o dos servi\u00e7os \u00e9 de 45 dias, considerando a produ\u00e7\u00e3o e transporte das placas pr\u00e9-moldadas e a execu\u00e7\u00e3o dos servi\u00e7os\u201d, informou o departamento.<\/p>\n<p><img decoding=\"async\" src=\"http:\/\/aconteceunovale.com.br\/portal\/wp-content\/uploads\/2017\/01\/arrastada_correnteza_mendes_pimentel_4.jpg\" alt=\"\" \/><em>Ponte provis\u00f3ria de Mendes Pimentel cede pela sexta vez (Reprodu\u00e7\u00e3o)<\/em><br \/>\n<\/br><\/p>\n<p><strong>VER PRIMEIRO<\/strong><\/p>\n<p><strong>Receba as not\u00edcias do Aconteceu no Vale em primeira m\u00e3o. Clique em curtir no endere\u00e7o <a href=\"https:\/\/www.facebook.com\/aconteceunovale\" target=\"_blank\"><font color=\"red\">www.facebook.com\/aconteceunovale<\/font><\/a> ou no box abaixo:<\/strong><\/p>\n<div class=\"fb-like\" data-href=\"https:\/\/www.facebook.com\/aconteceunovale\" data-width=\"120\" data-layout=\"standard\" data-action=\"like\" data-size=\"small\" data-show-faces=\"true\" data-share=\"true\"><\/div>\n<p><\/br><\/p>\n<p><em>(Fonte: O Tempo)<\/em><\/p>\n","protected":false},"excerpt":{"rendered":"<p>Ap\u00f3s novas chuvas que atingiram a regi\u00e3o do Rio Doce nos \u00faltimos dias, a ponte que d\u00e1 acesso a cidade de Mendes Pimentel, na MG-417, cedeu pela sexta vez nesta quarta-feira (8\/2\/2017). O Departamento de Edifica\u00e7\u00f5es e Estradas de Rodagem de Minas Gerais (DEER\/MG) disse que j\u00e1 tem equipes trabalhando no local. A ponte cedeu [&hellip;]<\/p>\n","protected":false},"author":1,"featured_media":106908,"comment_status":"open","ping_status":"closed","sticky":false,"template":"","format":"standard","meta":{"amp_status":"","footnotes":""},"categories":[121],"tags":[121430,121429,129745,139212,247,1672,126779,139211,139213],"class_list":["post-108753","post","type-post","status-publish","format-standard","has-post-thumbnail","hentry","category-leste","tag-deermg","tag-departamento-de-edificacoes-e-estradas-de-rodagem-de-minas-gerais","tag-desvio-mendes-pimentel","tag-estrada-entre-mendes-pimentel-em-governador-valadares","tag-governador-valadares","tag-mendes-pimentel","tag-mg-417","tag-ponte-mendes-pimentel","tag-ponte-provisoria-que-da-acesso-a-mendes-pimentel-cai-pela-sexta-vez"],"_links":{"self":[{"href":"https:\/\/aconteceunovale.com.br\/portal\/index.php?rest_route=\/wp\/v2\/posts\/108753","targetHints":{"allow":["GET"]}}],"collection":[{"href":"https:\/\/aconteceunovale.com.br\/portal\/index.php?rest_route=\/wp\/v2\/posts"}],"about":[{"href":"https:\/\/aconteceunovale.com.br\/portal\/index.php?rest_route=\/wp\/v2\/types\/post"}],"author":[{"embeddable":true,"href":"https:\/\/aconteceunovale.com.br\/portal\/index.php?rest_route=\/wp\/v2\/users\/1"}],"replies":[{"embeddable":true,"href":"https:\/\/aconteceunovale.com.br\/portal\/index.php?rest_route=%2Fwp%2Fv2%2Fcomments&post=108753"}],"version-history":[{"count":0,"href":"https:\/\/aconteceunovale.com.br\/portal\/index.php?rest_route=\/wp\/v2\/posts\/108753\/revisions"}],"wp:featuredmedia":[{"embeddable":true,"href":"https:\/\/aconteceunovale.com.br\/portal\/index.php?rest_route=\/wp\/v2\/media\/106908"}],"wp:attachment":[{"href":"https:\/\/aconteceunovale.com.br\/portal\/index.php?rest_route=%2Fwp%2Fv2%2Fmedia&parent=108753"}],"wp:term":[{"taxonomy":"category","embeddable":true,"href":"https:\/\/aconteceunovale.com.br\/portal\/index.php?rest_route=%2Fwp%2Fv2%2Fcategories&post=108753"},{"taxonomy":"post_tag","embeddable":true,"href":"https:\/\/aconteceunovale.com.br\/portal\/index.php?rest_route=%2Fwp%2Fv2%2Ftags&post=108753"}],"curies":[{"name":"wp","href":"https:\/\/api.w.org\/{rel}","templated":true}]}}