{"id":108750,"date":"2017-02-09T19:14:41","date_gmt":"2017-02-09T21:14:41","guid":{"rendered":"http:\/\/aconteceunovale.com.br\/portal\/?p=108750"},"modified":"2017-02-09T19:14:41","modified_gmt":"2017-02-09T21:14:41","slug":"filha-do-atual-prefeito-de-virgem-da-lapa-morre-em-belo-horizonte","status":"publish","type":"post","link":"https:\/\/aconteceunovale.com.br\/portal\/?p=108750","title":{"rendered":"Filha do atual prefeito de Virgem da Lapa morre em Belo Horizonte"},"content":{"rendered":"<p>Morreu no inicio da madrugada desta quinta-feira (09\/02\/2017) no hospital Madre Teresa, em Belo Horizonte, Ana Cristina Timo, de 35 anos, filha do atual prefeito de Virgem da Lapa, Di\u00f3genes Timo Silva (PSDB). Ela lutava h\u00e1 tr\u00eas anos contra um c\u00e2ncer de mama, que atingiu o f\u00edgado. O estado de sa\u00fade dela se agravou nos \u00faltimos dias.<\/p>\n<p>H\u00e1 dois anos, Ana Cristina retornou ao Brasil para realizar o tratamento em S\u00e3o Paulo e Belo Horizonte. Ela morava com o marido no Panam\u00e1, onde trabalhava no Banco HSBC.<\/p>\n<p>Em janeiro, Ana Cristina participou das festividades de posse do pai, como prefeito de Virgem da Lapa.<\/p>\n<p>O corpo de Ana Cristina est\u00e1 sendo velado em Belo Horizonte e ser\u00e1 transladado para Virgem da Lapa, nesta sexta-feira (10), para sepultamento. Ela era a segunda filha do prefeito, casada e deixa uma filha de 4 anos.<\/p>\n<p><img decoding=\"async\" src=\"http:\/\/aconteceunovale.com.br\/portal\/wp-content\/uploads\/2017\/02\/filha_prefeito_vdl.jpg\" alt=\"\" \/><em>Ana Cristina e o pai Di\u00f3genes Timo Silva (Foto: Divulga\u00e7\u00e3o)<\/em><br \/>\n<\/br><\/p>\n<p><strong>VER PRIMEIRO<\/strong><\/p>\n<p><strong>Receba as not\u00edcias do Aconteceu no Vale em primeira m\u00e3o. Clique em curtir no endere\u00e7o <a href=\"https:\/\/www.facebook.com\/aconteceunovale\" target=\"_blank\"><font color=\"red\">www.facebook.com\/aconteceunovale<\/font><\/a> ou no box abaixo:<\/strong><\/p>\n<div class=\"fb-like\" data-href=\"https:\/\/www.facebook.com\/aconteceunovale\" data-width=\"120\" data-layout=\"standard\" data-action=\"like\" data-size=\"small\" data-show-faces=\"true\" data-share=\"true\"><\/div>\n<p><\/br><\/p>\n<p><em>(Fonte: Gazeta de Ara\u00e7ua\u00ed)<\/em><\/p>\n","protected":false},"excerpt":{"rendered":"<p>Morreu no inicio da madrugada desta quinta-feira (09\/02\/2017) no hospital Madre Teresa, em Belo Horizonte, Ana Cristina Timo, de 35 anos, filha do atual prefeito de Virgem da Lapa, Di\u00f3genes Timo Silva (PSDB). Ela lutava h\u00e1 tr\u00eas anos contra um c\u00e2ncer de mama, que atingiu o f\u00edgado. O estado de sa\u00fade dela se agravou nos [&hellip;]<\/p>\n","protected":false},"author":1,"featured_media":108751,"comment_status":"open","ping_status":"closed","sticky":false,"template":"","format":"standard","meta":{"amp_status":"","footnotes":""},"categories":[120],"tags":[139209,194,139210,139205,139204,139207,139206,139208,482],"class_list":["post-108750","post","type-post","status-publish","format-standard","has-post-thumbnail","hentry","category-jequi","tag-ana-cristina-timo","tag-belo-horizonte","tag-diogenes-timo-silva","tag-filha-do-atual-prefeito-de-virgem-da-lapa","tag-filha-do-atual-prefeito-de-virgem-da-lapa-morre-em-belo-horizonte","tag-filha-do-prefeito-de-virgem-da-lapa","tag-morte-da-filha-do-atual-prefeito-de-virgem-da-lapa","tag-morte-da-filha-do-prefeito-de-virgem-da-lapa","tag-virgem-da-lapa"],"_links":{"self":[{"href":"https:\/\/aconteceunovale.com.br\/portal\/index.php?rest_route=\/wp\/v2\/posts\/108750","targetHints":{"allow":["GET"]}}],"collection":[{"href":"https:\/\/aconteceunovale.com.br\/portal\/index.php?rest_route=\/wp\/v2\/posts"}],"about":[{"href":"https:\/\/aconteceunovale.com.br\/portal\/index.php?rest_route=\/wp\/v2\/types\/post"}],"author":[{"embeddable":true,"href":"https:\/\/aconteceunovale.com.br\/portal\/index.php?rest_route=\/wp\/v2\/users\/1"}],"replies":[{"embeddable":true,"href":"https:\/\/aconteceunovale.com.br\/portal\/index.php?rest_route=%2Fwp%2Fv2%2Fcomments&post=108750"}],"version-history":[{"count":0,"href":"https:\/\/aconteceunovale.com.br\/portal\/index.php?rest_route=\/wp\/v2\/posts\/108750\/revisions"}],"wp:featuredmedia":[{"embeddable":true,"href":"https:\/\/aconteceunovale.com.br\/portal\/index.php?rest_route=\/wp\/v2\/media\/108751"}],"wp:attachment":[{"href":"https:\/\/aconteceunovale.com.br\/portal\/index.php?rest_route=%2Fwp%2Fv2%2Fmedia&parent=108750"}],"wp:term":[{"taxonomy":"category","embeddable":true,"href":"https:\/\/aconteceunovale.com.br\/portal\/index.php?rest_route=%2Fwp%2Fv2%2Fcategories&post=108750"},{"taxonomy":"post_tag","embeddable":true,"href":"https:\/\/aconteceunovale.com.br\/portal\/index.php?rest_route=%2Fwp%2Fv2%2Ftags&post=108750"}],"curies":[{"name":"wp","href":"https:\/\/api.w.org\/{rel}","templated":true}]}}