{"id":108747,"date":"2017-02-09T18:50:37","date_gmt":"2017-02-09T20:50:37","guid":{"rendered":"http:\/\/aconteceunovale.com.br\/portal\/?p=108747"},"modified":"2017-02-09T18:50:37","modified_gmt":"2017-02-09T20:50:37","slug":"ipem-mg-fiscaliza-a-venda-de-produtos-automotivos","status":"publish","type":"post","link":"https:\/\/aconteceunovale.com.br\/portal\/?p=108747","title":{"rendered":"Ipem-MG fiscaliza a venda de produtos automotivos"},"content":{"rendered":"<p>Para dar mais seguran\u00e7a aos condutores e passageiros, o Instituto de Metrologia e Qualidade do Estado de Minas Gerais (Ipem-MG) realiza at\u00e9 nesta sexta-feira (10\/02\/2017) a Opera\u00e7\u00e3o Especial Boa Viagem na Regi\u00e3o Metropolitana de Belo Horizonte (RMBH), Norte e Sul de Minas.<\/p>\n<p>Os produtos fiscalizados durante a opera\u00e7\u00e3o, que teve in\u00edcio na segunda-feira (6\/2), s\u00e3o rodas, baterias chumbo-\u00e1cido, freios hidr\u00e1ulicos, amortecedores da suspens\u00e3o, buzinas, l\u00e2mpadas e carregadores el\u00e9tricos de bateria at\u00e9 30 amperes.<\/p>\n<p>Segundo o diretor da Qualidade de Bens e Produtos do Ipem-MG, Geovane Mendes de Miranda, os fiscais verificam nas lojas se os produtos est\u00e3o dentro das normas estabelecidas pelo Inmetro.<\/p>\n<p>\u201cOs produtos automotivos devem trazer obrigatoriamente informa\u00e7\u00f5es do fabricante ou importador, como CNPJ, raz\u00e3o social e origem do produto. J\u00e1 no caso dos produtos de certifica\u00e7\u00e3o compuls\u00f3ria, devem ostentar o selo do Inmetro na embalagem\u201d, explica Miranda.<\/p>\n<p>A certifica\u00e7\u00e3o garante que os produtos n\u00e3o trazem riscos de acidentes aos consumidores, desde que utilizados de acordo com as recomenda\u00e7\u00f5es do fabricante, al\u00e9m de demonstrar que o estabelecimento comercializa produtos de qualidade.<\/p>\n<p>\u201cOs produtos com exig\u00eancia de certifica\u00e7\u00e3o compuls\u00f3ria n\u00e3o podem ser comercializados sem o selo do Inmetro, podendo gerar autua\u00e7\u00e3o, apreens\u00e3o e multas ao fabricante, importador e ao lojista,\u201d adverte Miranda.<\/p>\n<p>O cidad\u00e3o que suspeitar ou encontrar irregularidades em algum produto pode registrar o fato \u00e0 Ouvidoria do Ipem-MG, por meio do fale conosco, pelo endere\u00e7o eletr\u00f4nico ouvidoria@ipem.mg.gov.br ou no telefone 08000 335 335.<\/p>\n<p><strong>VER PRIMEIRO<\/strong><\/p>\n<p><strong>Receba as not\u00edcias do Aconteceu no Vale em primeira m\u00e3o. Clique em curtir no endere\u00e7o <a href=\"https:\/\/www.facebook.com\/aconteceunovale\" target=\"_blank\"><font color=\"red\">www.facebook.com\/aconteceunovale<\/font><\/a> ou no box abaixo:<\/strong><\/p>\n<div class=\"fb-like\" data-href=\"https:\/\/www.facebook.com\/aconteceunovale\" data-width=\"120\" data-layout=\"standard\" data-action=\"like\" data-size=\"small\" data-show-faces=\"true\" data-share=\"true\"><\/div>\n<p><\/br><\/p>\n<p><em>(Ag\u00eancia Minas)<\/em><\/p>\n","protected":false},"excerpt":{"rendered":"<p>Para dar mais seguran\u00e7a aos condutores e passageiros, o Instituto de Metrologia e Qualidade do Estado de Minas Gerais (Ipem-MG) realiza at\u00e9 nesta sexta-feira (10\/02\/2017) a Opera\u00e7\u00e3o Especial Boa Viagem na Regi\u00e3o Metropolitana de Belo Horizonte (RMBH), Norte e Sul de Minas. Os produtos fiscalizados durante a opera\u00e7\u00e3o, que teve in\u00edcio na segunda-feira (6\/2), s\u00e3o [&hellip;]<\/p>\n","protected":false},"author":1,"featured_media":108748,"comment_status":"open","ping_status":"closed","sticky":false,"template":"","format":"standard","meta":{"amp_status":"","footnotes":""},"categories":[123],"tags":[135732,139202,54641,139203,139201,18655],"class_list":["post-108747","post","type-post","status-publish","format-standard","has-post-thumbnail","hentry","category-gerais","tag-instituto-de-metrologia-e-qualidade-do-estado-de-minas-gerais","tag-ipem-fiscaliza-a-venda-de-produtos-automotivos-em-minas-gerais","tag-ipem-mg","tag-ipem-mg-fiscaliza-a-venda-de-produtos-automotivos","tag-operacao-especial-boa-viagem-na-regiao-metropolitana-de-belo-horizonte","tag-rmbh"],"_links":{"self":[{"href":"https:\/\/aconteceunovale.com.br\/portal\/index.php?rest_route=\/wp\/v2\/posts\/108747","targetHints":{"allow":["GET"]}}],"collection":[{"href":"https:\/\/aconteceunovale.com.br\/portal\/index.php?rest_route=\/wp\/v2\/posts"}],"about":[{"href":"https:\/\/aconteceunovale.com.br\/portal\/index.php?rest_route=\/wp\/v2\/types\/post"}],"author":[{"embeddable":true,"href":"https:\/\/aconteceunovale.com.br\/portal\/index.php?rest_route=\/wp\/v2\/users\/1"}],"replies":[{"embeddable":true,"href":"https:\/\/aconteceunovale.com.br\/portal\/index.php?rest_route=%2Fwp%2Fv2%2Fcomments&post=108747"}],"version-history":[{"count":0,"href":"https:\/\/aconteceunovale.com.br\/portal\/index.php?rest_route=\/wp\/v2\/posts\/108747\/revisions"}],"wp:featuredmedia":[{"embeddable":true,"href":"https:\/\/aconteceunovale.com.br\/portal\/index.php?rest_route=\/wp\/v2\/media\/108748"}],"wp:attachment":[{"href":"https:\/\/aconteceunovale.com.br\/portal\/index.php?rest_route=%2Fwp%2Fv2%2Fmedia&parent=108747"}],"wp:term":[{"taxonomy":"category","embeddable":true,"href":"https:\/\/aconteceunovale.com.br\/portal\/index.php?rest_route=%2Fwp%2Fv2%2Fcategories&post=108747"},{"taxonomy":"post_tag","embeddable":true,"href":"https:\/\/aconteceunovale.com.br\/portal\/index.php?rest_route=%2Fwp%2Fv2%2Ftags&post=108747"}],"curies":[{"name":"wp","href":"https:\/\/api.w.org\/{rel}","templated":true}]}}