{"id":108744,"date":"2017-02-09T18:31:08","date_gmt":"2017-02-09T20:31:08","guid":{"rendered":"http:\/\/aconteceunovale.com.br\/portal\/?p=108744"},"modified":"2017-02-09T18:31:08","modified_gmt":"2017-02-09T20:31:08","slug":"homem-e-assassinado-no-centro-de-nova-porteirinha-no-norte-de-minas","status":"publish","type":"post","link":"https:\/\/aconteceunovale.com.br\/portal\/?p=108744","title":{"rendered":"Homem \u00e9 assassinado no Centro de Nova Porteirinha, no Norte de Minas"},"content":{"rendered":"<p>Um homem de 38 anos foi assassinado a tiros na manh\u00e3 desta quinta-feira (9\/2\/2017) em Nova Porteirinha, no Norte de Minas. O crime foi praticado na Avenida Castelo Branco, no Centro da cidade.<\/p>\n<p>Segundo a Pol\u00edcia Militar (PM), a v\u00edtima possui diversas passagens pela pol\u00edcia, mas a motiva\u00e7\u00e3o do crime ainda \u00e9 desconhecida. Nenhuma testemunha se prontificou a fornecer informa\u00e7\u00f5es sobre o homic\u00eddio.<\/p>\n<p>Um perito da Pol\u00edcia Civil esteve no local e o corpo foi encaminhado ao Instituto M\u00e9dico Legal (IML) de Jana\u00faba. A PM informou ainda que identificou um suspeito, mas at\u00e9 o in\u00edcio da tarde desta quinta ele ainda n\u00e3o havia sido localizado.<\/p>\n<p><img decoding=\"async\" src=\"http:\/\/aconteceunovale.com.br\/portal\/wp-content\/uploads\/2017\/02\/homicidio_porteirinha.jpg\" alt=\"\" \/><em>Homem foi baleado no Centro de Nova Porteirinha (Foto: Reprodu\u00e7\u00e3o\/WhatsApp)<\/em><br \/>\n<\/br><\/p>\n<p><strong>VER PRIMEIRO<\/strong><\/p>\n<p><strong>Receba as not\u00edcias do Aconteceu no Vale em primeira m\u00e3o. Clique em curtir no endere\u00e7o <a href=\"https:\/\/www.facebook.com\/aconteceunovale\" target=\"_blank\"><font color=\"red\">www.facebook.com\/aconteceunovale<\/font><\/a> ou no box abaixo:<\/strong><\/p>\n<div class=\"fb-like\" data-href=\"https:\/\/www.facebook.com\/aconteceunovale\" data-width=\"120\" data-layout=\"standard\" data-action=\"like\" data-size=\"small\" data-show-faces=\"true\" data-share=\"true\"><\/div>\n<p><\/br><\/p>\n<p><em>(Com informa\u00e7\u00f5es do G1 Grande Minas)<\/em><\/p>\n","protected":false},"excerpt":{"rendered":"<p>Um homem de 38 anos foi assassinado a tiros na manh\u00e3 desta quinta-feira (9\/2\/2017) em Nova Porteirinha, no Norte de Minas. O crime foi praticado na Avenida Castelo Branco, no Centro da cidade. Segundo a Pol\u00edcia Militar (PM), a v\u00edtima possui diversas passagens pela pol\u00edcia, mas a motiva\u00e7\u00e3o do crime ainda \u00e9 desconhecida. Nenhuma testemunha [&hellip;]<\/p>\n","protected":false},"author":1,"featured_media":108745,"comment_status":"open","ping_status":"closed","sticky":false,"template":"","format":"standard","meta":{"amp_status":"","footnotes":""},"categories":[1236],"tags":[108903,139200,108902,128867,108905,139199,1805],"class_list":["post-108744","post","type-post","status-publish","format-standard","has-post-thumbnail","hentry","category-norte_de_minas","tag-assassinato-nova-porteirinha","tag-homem-e-assassinado-no-centro-de-nova-porteirinha","tag-homicidio-nova-porteirinha","tag-morte-em-nova-porteirinha","tag-morto-em-nova-porteirinha","tag-morto-no-centro-de-nova-porteirinha","tag-nova-porteirinha"],"_links":{"self":[{"href":"https:\/\/aconteceunovale.com.br\/portal\/index.php?rest_route=\/wp\/v2\/posts\/108744","targetHints":{"allow":["GET"]}}],"collection":[{"href":"https:\/\/aconteceunovale.com.br\/portal\/index.php?rest_route=\/wp\/v2\/posts"}],"about":[{"href":"https:\/\/aconteceunovale.com.br\/portal\/index.php?rest_route=\/wp\/v2\/types\/post"}],"author":[{"embeddable":true,"href":"https:\/\/aconteceunovale.com.br\/portal\/index.php?rest_route=\/wp\/v2\/users\/1"}],"replies":[{"embeddable":true,"href":"https:\/\/aconteceunovale.com.br\/portal\/index.php?rest_route=%2Fwp%2Fv2%2Fcomments&post=108744"}],"version-history":[{"count":0,"href":"https:\/\/aconteceunovale.com.br\/portal\/index.php?rest_route=\/wp\/v2\/posts\/108744\/revisions"}],"wp:featuredmedia":[{"embeddable":true,"href":"https:\/\/aconteceunovale.com.br\/portal\/index.php?rest_route=\/wp\/v2\/media\/108745"}],"wp:attachment":[{"href":"https:\/\/aconteceunovale.com.br\/portal\/index.php?rest_route=%2Fwp%2Fv2%2Fmedia&parent=108744"}],"wp:term":[{"taxonomy":"category","embeddable":true,"href":"https:\/\/aconteceunovale.com.br\/portal\/index.php?rest_route=%2Fwp%2Fv2%2Fcategories&post=108744"},{"taxonomy":"post_tag","embeddable":true,"href":"https:\/\/aconteceunovale.com.br\/portal\/index.php?rest_route=%2Fwp%2Fv2%2Ftags&post=108744"}],"curies":[{"name":"wp","href":"https:\/\/api.w.org\/{rel}","templated":true}]}}