{"id":108731,"date":"2017-02-09T17:55:55","date_gmt":"2017-02-09T19:55:55","guid":{"rendered":"http:\/\/aconteceunovale.com.br\/portal\/?p=108731"},"modified":"2017-02-09T18:12:03","modified_gmt":"2017-02-09T20:12:03","slug":"prefeitura-de-espinosa-decreta-luto-oficial-de-tres-dias-por-morte-do-pai-da-ministra-carmen-lucia","status":"publish","type":"post","link":"https:\/\/aconteceunovale.com.br\/portal\/?p=108731","title":{"rendered":"Prefeitura de Espinosa decreta luto oficial de tr\u00eas dias por morte do pai da ministra C\u00e1rmen L\u00facia"},"content":{"rendered":"<p>A Prefeitura Municipal de Espinosa, no Norte de Minas, decretou luto oficial de tr\u00eas dias, ap\u00f3s a morte do pai da Ministra do Supremo Tribunal Federal, C\u00e1rmen L\u00facia. Florival Rocha tinha 98 anos, era empres\u00e1rio na cidade e morreu na madrugada desta quinta-feira (09\/02\/2017).<\/p>\n<p>De acordo com o secret\u00e1rio de comunica\u00e7\u00e3o do munic\u00edpio, Wagner Oliva, o corpo deve ser velado e enterrado na capital mineira. O decreto de luto oficial foi publicado na manh\u00e3 desta quinta.<\/p>\n<p>O Supremo Tribunal Federal confirmou a morte do pai da ministra C\u00e1rmen L\u00facia. O STF informou tamb\u00e9m que a ministra j\u00e1 est\u00e1 em Minas Gerais e que o vel\u00f3rio e enterro ser\u00e3o restritos \u00e0 fam\u00edlia.<\/p>\n<p><img decoding=\"async\" src=\"http:\/\/aconteceunovale.com.br\/portal\/wp-content\/uploads\/2016\/08\/ministra_carmen_lucia.jpg\" alt=\"\" \/><em>Pai de C\u00e1rmen L\u00facia morreu aos 98 anos (Foto: Divulga\u00e7\u00e3o)<\/em><br \/>\n<\/br><\/p>\n<p><strong>Decreto da prefeitura<\/strong><\/p>\n<p><img decoding=\"async\" src=\"http:\/\/aconteceunovale.com.br\/portal\/wp-content\/uploads\/2017\/02\/decreto_espinosa_1.jpg\" alt=\"\" \/><img decoding=\"async\" src=\"http:\/\/aconteceunovale.com.br\/portal\/wp-content\/uploads\/2017\/02\/decreto_espinosa_2.jpg\" alt=\"\" \/><img decoding=\"async\" src=\"http:\/\/aconteceunovale.com.br\/portal\/wp-content\/uploads\/2017\/02\/decreto_espinosa_3.jpg\" alt=\"\" \/><br \/>\n<\/br><\/p>\n<p><strong>VER PRIMEIRO<\/strong><\/p>\n<p><strong>Receba as not\u00edcias do Aconteceu no Vale em primeira m\u00e3o. Clique em curtir no endere\u00e7o <a href=\"https:\/\/www.facebook.com\/aconteceunovale\" target=\"_blank\"><font color=\"red\">www.facebook.com\/aconteceunovale<\/font><\/a> ou no box abaixo:<\/strong><\/p>\n<div class=\"fb-like\" data-href=\"https:\/\/www.facebook.com\/aconteceunovale\" data-width=\"120\" data-layout=\"standard\" data-action=\"like\" data-size=\"small\" data-show-faces=\"true\" data-share=\"true\"><\/div>\n<p><\/br><\/p>\n<p><em>(Com informa\u00e7\u00f5es do G1 Grande Minas) <\/em><\/p>\n","protected":false},"excerpt":{"rendered":"<p>A Prefeitura Municipal de Espinosa, no Norte de Minas, decretou luto oficial de tr\u00eas dias, ap\u00f3s a morte do pai da Ministra do Supremo Tribunal Federal, C\u00e1rmen L\u00facia. Florival Rocha tinha 98 anos, era empres\u00e1rio na cidade e morreu na madrugada desta quinta-feira (09\/02\/2017). De acordo com o secret\u00e1rio de comunica\u00e7\u00e3o do munic\u00edpio, Wagner Oliva, [&hellip;]<\/p>\n","protected":false},"author":1,"featured_media":94226,"comment_status":"open","ping_status":"closed","sticky":false,"template":"","format":"standard","meta":{"amp_status":"","footnotes":""},"categories":[1236],"tags":[77984,1278,139189,139190,139191,139187,139186,139188,139193,139185,139192],"class_list":["post-108731","post","type-post","status-publish","format-standard","has-post-thumbnail","hentry","category-norte_de_minas","tag-carmen-lucia","tag-espinosa","tag-florival-rocha","tag-morre-florival-rocha","tag-morte-de-florival-rocha","tag-morte-do-pai-da-ministra-carmen-lucia","tag-morte-do-pai-da-ministra-do-supremo-tribunal-federal","tag-morte-do-pai-da-presidente-do-stf","tag-prefeitura-de-espinosa-decreta-luto-oficial-de-tres-dias-por-morte-do-pai-da-ministra-carmen-lucia","tag-prefeitura-municipal-de-espinosa","tag-wagner-oliva"],"_links":{"self":[{"href":"https:\/\/aconteceunovale.com.br\/portal\/index.php?rest_route=\/wp\/v2\/posts\/108731","targetHints":{"allow":["GET"]}}],"collection":[{"href":"https:\/\/aconteceunovale.com.br\/portal\/index.php?rest_route=\/wp\/v2\/posts"}],"about":[{"href":"https:\/\/aconteceunovale.com.br\/portal\/index.php?rest_route=\/wp\/v2\/types\/post"}],"author":[{"embeddable":true,"href":"https:\/\/aconteceunovale.com.br\/portal\/index.php?rest_route=\/wp\/v2\/users\/1"}],"replies":[{"embeddable":true,"href":"https:\/\/aconteceunovale.com.br\/portal\/index.php?rest_route=%2Fwp%2Fv2%2Fcomments&post=108731"}],"version-history":[{"count":0,"href":"https:\/\/aconteceunovale.com.br\/portal\/index.php?rest_route=\/wp\/v2\/posts\/108731\/revisions"}],"wp:featuredmedia":[{"embeddable":true,"href":"https:\/\/aconteceunovale.com.br\/portal\/index.php?rest_route=\/wp\/v2\/media\/94226"}],"wp:attachment":[{"href":"https:\/\/aconteceunovale.com.br\/portal\/index.php?rest_route=%2Fwp%2Fv2%2Fmedia&parent=108731"}],"wp:term":[{"taxonomy":"category","embeddable":true,"href":"https:\/\/aconteceunovale.com.br\/portal\/index.php?rest_route=%2Fwp%2Fv2%2Fcategories&post=108731"},{"taxonomy":"post_tag","embeddable":true,"href":"https:\/\/aconteceunovale.com.br\/portal\/index.php?rest_route=%2Fwp%2Fv2%2Ftags&post=108731"}],"curies":[{"name":"wp","href":"https:\/\/api.w.org\/{rel}","templated":true}]}}