{"id":108678,"date":"2017-02-08T21:41:12","date_gmt":"2017-02-08T23:41:12","guid":{"rendered":"http:\/\/aconteceunovale.com.br\/portal\/?p=108678"},"modified":"2017-02-08T21:41:12","modified_gmt":"2017-02-08T23:41:12","slug":"policia-civil-de-januaria-prende-tres-homens-durante-operacao-de-combate-ao-trafico-de-drogas","status":"publish","type":"post","link":"https:\/\/aconteceunovale.com.br\/portal\/?p=108678","title":{"rendered":"Pol\u00edcia Civil de Janu\u00e1ria prende tr\u00eas homens durante opera\u00e7\u00e3o de combate ao tr\u00e1fico de drogas"},"content":{"rendered":"<p>A Pol\u00edcia Civil de Minas Gerais, por meio do 11\u00ba Departamento e da 2\u00aa Delegacia Regional de Janu\u00e1ria, realizou na manh\u00e3 de hoje (08\/02\/2017) mais uma opera\u00e7\u00e3o de combate aos crimes de homic\u00eddio e tr\u00e1fico de drogas na regi\u00e3o. <\/p>\n<p>Dessa vez, a PC efetuou a pris\u00e3o de mais 03 autores de crimes contra a vida, s\u00e3o eles: Talisson Pereira da Silva, de 20 anos, Gleidson Ricardo da Silva Mendes, de 20, e Orlando Francisco Lima Junior.<\/p>\n<p>De acordo com a Pol\u00edcia Civil, os investigados, al\u00e9m de suspeitos da tentativa de homic\u00eddio contra a v\u00edtima Flavio Matos Ferreira, tem participa\u00e7\u00e3o efetiva no tr\u00e1fico de drogas. A PC acredita que essa tenha sido a motiva\u00e7\u00e3o do crime.<\/p>\n<p>A PC ressalta ainda que outros dois criminosos s\u00e3o procurados e considerados foragidos da justi\u00e7a, j\u00e1 que est\u00e3o com mandados de pris\u00f5es preventivas em aberto e aguardando cumprimento.<\/p>\n<p>Para o Delegado de Pol\u00edcia respons\u00e1vel, Dr. Alberto Ten\u00f3rio: &#8220;essa \u00e9 mais uma resposta que pol\u00edcia civil apresenta a toda a sociedade, mostramos que a PC ser\u00e1 forte e efetiva no combate aos crimes de homic\u00eddio e tr\u00e1fico de drogas&#8221;.<\/p>\n<p>O delegado regional de Janu\u00e1ria, Dr. Danilo Ferraz, indica como prioridade de sua gest\u00e3o na 2\u00aa Delegacia Regional o combate incans\u00e1vel a criminalidade organizada e aos crimes violentos, indicando ainda que mais opera\u00e7\u00f5es como estas est\u00e3o por vir.<\/p>\n<p><strong>VER PRIMEIRO<\/strong><\/p>\n<p><strong>Receba as not\u00edcias do Aconteceu no Vale em primeira m\u00e3o. Clique em curtir no endere\u00e7o <a href=\"https:\/\/www.facebook.com\/aconteceunovale\" target=\"_blank\"><font color=\"red\">www.facebook.com\/aconteceunovale<\/font><\/a> ou no box abaixo:<\/strong><\/p>\n<div class=\"fb-like\" data-href=\"https:\/\/www.facebook.com\/aconteceunovale\" data-width=\"120\" data-layout=\"standard\" data-action=\"like\" data-size=\"small\" data-show-faces=\"true\" data-share=\"true\"><\/div>\n<p><\/br><\/p>\n<p><em>(Fonte: Pol\u00edcia Civil de Janu\u00e1ria)<\/em><\/p>\n","protected":false},"excerpt":{"rendered":"<p>A Pol\u00edcia Civil de Minas Gerais, por meio do 11\u00ba Departamento e da 2\u00aa Delegacia Regional de Janu\u00e1ria, realizou na manh\u00e3 de hoje (08\/02\/2017) mais uma opera\u00e7\u00e3o de combate aos crimes de homic\u00eddio e tr\u00e1fico de drogas na regi\u00e3o. Dessa vez, a PC efetuou a pris\u00e3o de mais 03 autores de crimes contra a vida, [&hellip;]<\/p>\n","protected":false},"author":1,"featured_media":71442,"comment_status":"open","ping_status":"closed","sticky":false,"template":"","format":"standard","meta":{"amp_status":"","footnotes":""},"categories":[1236],"tags":[139079,139077,205,139080,114890,139078,139082,139081,112482,139076],"class_list":["post-108678","post","type-post","status-publish","format-standard","has-post-thumbnail","hentry","category-norte_de_minas","tag-flavio-matos-ferreira","tag-gleidson-ricardo-da-silva-mendes","tag-januaria","tag-operacao-da-policia-civil-em-januaria","tag-operacao-em-januaria","tag-orlando-francisco-lima-junior","tag-policia-civil-de-januaria-prende-tres-homens-durante-operacao","tag-policia-civil-de-januaria-prende-tres-homens-durante-operacao-de-combate-ao-trafico-de-drogas","tag-presos-em-januaria","tag-talisson-pereira-da-silva"],"_links":{"self":[{"href":"https:\/\/aconteceunovale.com.br\/portal\/index.php?rest_route=\/wp\/v2\/posts\/108678","targetHints":{"allow":["GET"]}}],"collection":[{"href":"https:\/\/aconteceunovale.com.br\/portal\/index.php?rest_route=\/wp\/v2\/posts"}],"about":[{"href":"https:\/\/aconteceunovale.com.br\/portal\/index.php?rest_route=\/wp\/v2\/types\/post"}],"author":[{"embeddable":true,"href":"https:\/\/aconteceunovale.com.br\/portal\/index.php?rest_route=\/wp\/v2\/users\/1"}],"replies":[{"embeddable":true,"href":"https:\/\/aconteceunovale.com.br\/portal\/index.php?rest_route=%2Fwp%2Fv2%2Fcomments&post=108678"}],"version-history":[{"count":0,"href":"https:\/\/aconteceunovale.com.br\/portal\/index.php?rest_route=\/wp\/v2\/posts\/108678\/revisions"}],"wp:featuredmedia":[{"embeddable":true,"href":"https:\/\/aconteceunovale.com.br\/portal\/index.php?rest_route=\/wp\/v2\/media\/71442"}],"wp:attachment":[{"href":"https:\/\/aconteceunovale.com.br\/portal\/index.php?rest_route=%2Fwp%2Fv2%2Fmedia&parent=108678"}],"wp:term":[{"taxonomy":"category","embeddable":true,"href":"https:\/\/aconteceunovale.com.br\/portal\/index.php?rest_route=%2Fwp%2Fv2%2Fcategories&post=108678"},{"taxonomy":"post_tag","embeddable":true,"href":"https:\/\/aconteceunovale.com.br\/portal\/index.php?rest_route=%2Fwp%2Fv2%2Ftags&post=108678"}],"curies":[{"name":"wp","href":"https:\/\/api.w.org\/{rel}","templated":true}]}}