{"id":108673,"date":"2017-02-08T21:06:30","date_gmt":"2017-02-08T23:06:30","guid":{"rendered":"http:\/\/aconteceunovale.com.br\/portal\/?p=108673"},"modified":"2017-02-08T21:06:37","modified_gmt":"2017-02-08T23:06:37","slug":"ex-prefeito-e-vereador-de-belo-oriente-sao-presos-na-terceira-fase-da-operacao-perfidia","status":"publish","type":"post","link":"https:\/\/aconteceunovale.com.br\/portal\/?p=108673","title":{"rendered":"Ex-prefeito e vereador de Belo Oriente s\u00e3o presos na terceira fase da Opera\u00e7\u00e3o Perf\u00eddia"},"content":{"rendered":"<p>O Minist\u00e9rio P\u00fablico de Minas Gerais (MPMG) deflagrou hoje, 8 de fevereiro de 2017, a terceira fase da Opera\u00e7\u00e3o Perf\u00eddia, que apura um esquema criminoso instalado em parte da administra\u00e7\u00e3o p\u00fablica de Belo Oriente, cidade do Leste de Minas, que visava ao enriquecimento il\u00edcito de agentes p\u00fablicos e terceiros.<\/p>\n<p>A a\u00e7\u00e3o foi coordenada pelo Grupo de Atua\u00e7\u00e3o Especial de Combate ao Crime Organizado (Gaeco) de Ipatinga, formado pelo Minist\u00e9rio P\u00fablico e as Pol\u00edcias Militar e Civil, em apoio \u00e0 Promotoria de Justi\u00e7a de A\u00e7ucena.  <\/p>\n<p>Tr\u00eas pessoas envolvidas no esquema foram presas na tarde de hoje, entre elas o ex-prefeito Pietro Chaves (PDT) e um vereador de Belo Oriente. As pris\u00f5es preventivas, decretadas pela Justi\u00e7a da comarca de A\u00e7ucena, resultam de investiga\u00e7\u00e3o iniciada no final de 2016. <\/p>\n<p>Na primeira fase da opera\u00e7\u00e3o, tr\u00eas pessoas foram presas para resguardo da ordem p\u00fablica e para assegurar as investiga\u00e7\u00f5es e a aplica\u00e7\u00e3o da lei penal. Naquela oportunidade, representantes do pr\u00f3prio munic\u00edpio e da C\u00e2mara Municipal afirmaram conhecer as fraudes e a organiza\u00e7\u00e3o criminosa que atuava em preju\u00edzo ao patrim\u00f4nio p\u00fablico. <\/p>\n<p>Na segunda fase, pris\u00f5es tempor\u00e1rias foram decretadas a bem das investiga\u00e7\u00f5es. J\u00e1 as pris\u00f5es preventivas de hoje s\u00e3o decorrentes da identifica\u00e7\u00e3o das condutas proeminentes e reiteradas dos autores dos delitos.<\/p>\n<p><img decoding=\"async\" src=\"http:\/\/aconteceunovale.com.br\/portal\/wp-content\/uploads\/2017\/02\/prefeito_bo.jpg\" alt=\"\" \/><em>Pietro Chaves, ex-prefeito de Belo Oriente (Foto: Reprodu\u00e7\u00e3o\/Youtube)<\/em><br \/>\n<\/br><\/p>\n<p><strong>VER PRIMEIRO<\/strong><\/p>\n<p><strong>Receba as not\u00edcias do Aconteceu no Vale em primeira m\u00e3o. Clique em curtir no endere\u00e7o <a href=\"https:\/\/www.facebook.com\/aconteceunovale\" target=\"_blank\"><font color=\"red\">www.facebook.com\/aconteceunovale<\/font><\/a> ou no box abaixo:<\/strong><\/p>\n<div class=\"fb-like\" data-href=\"https:\/\/www.facebook.com\/aconteceunovale\" data-width=\"120\" data-layout=\"standard\" data-action=\"like\" data-size=\"small\" data-show-faces=\"true\" data-share=\"true\"><\/div>\n<p><\/br><\/p>\n<p><em>(Com informa\u00e7\u00f5es do MPMG\/GAECO)<\/em><\/p>\n","protected":false},"excerpt":{"rendered":"<p>O Minist\u00e9rio P\u00fablico de Minas Gerais (MPMG) deflagrou hoje, 8 de fevereiro de 2017, a terceira fase da Opera\u00e7\u00e3o Perf\u00eddia, que apura um esquema criminoso instalado em parte da administra\u00e7\u00e3o p\u00fablica de Belo Oriente, cidade do Leste de Minas, que visava ao enriquecimento il\u00edcito de agentes p\u00fablicos e terceiros. A a\u00e7\u00e3o foi coordenada pelo Grupo [&hellip;]<\/p>\n","protected":false},"author":1,"featured_media":108674,"comment_status":"open","ping_status":"closed","sticky":false,"template":"","format":"standard","meta":{"amp_status":"","footnotes":""},"categories":[121,40240],"tags":[350,139060,1018,139061,139059,139066,19674,19675,137130,129077,139064,139063,139062,137131,139058,139065],"class_list":["post-108673","post","type-post","status-publish","format-standard","has-post-thumbnail","hentry","category-leste","category-politica-2","tag-belo-oriente","tag-corrupcao-em-belo-oriente","tag-destaque","tag-desvios-em-belo-oriente","tag-esquema-criminoso-instalado-em-parte-da-administracao-publica-de-belo-oriente","tag-ex-prefeito-e-vereador-de-belo-oriente-sao-presos-na-terceira-fase-da-operacao-perfidia","tag-ministerio-publico-de-minas-gerais","tag-mpmg","tag-operacao-em-belo-oriente","tag-operacao-perfidia","tag-operacao-que-investiga-esquema-criminoso-na-administracao-publica-de-belo-oriente","tag-pietro-chaves","tag-politicos-preso-em-belo-oriente","tag-presos-em-belo-oriente","tag-terceira-fase-da-operacao-perfidia","tag-tres-pessoas-sao-presas-em-operacao-que-investiga-esquema-criminoso-na-administracao-publica-de-belo-oriente"],"_links":{"self":[{"href":"https:\/\/aconteceunovale.com.br\/portal\/index.php?rest_route=\/wp\/v2\/posts\/108673","targetHints":{"allow":["GET"]}}],"collection":[{"href":"https:\/\/aconteceunovale.com.br\/portal\/index.php?rest_route=\/wp\/v2\/posts"}],"about":[{"href":"https:\/\/aconteceunovale.com.br\/portal\/index.php?rest_route=\/wp\/v2\/types\/post"}],"author":[{"embeddable":true,"href":"https:\/\/aconteceunovale.com.br\/portal\/index.php?rest_route=\/wp\/v2\/users\/1"}],"replies":[{"embeddable":true,"href":"https:\/\/aconteceunovale.com.br\/portal\/index.php?rest_route=%2Fwp%2Fv2%2Fcomments&post=108673"}],"version-history":[{"count":0,"href":"https:\/\/aconteceunovale.com.br\/portal\/index.php?rest_route=\/wp\/v2\/posts\/108673\/revisions"}],"wp:featuredmedia":[{"embeddable":true,"href":"https:\/\/aconteceunovale.com.br\/portal\/index.php?rest_route=\/wp\/v2\/media\/108674"}],"wp:attachment":[{"href":"https:\/\/aconteceunovale.com.br\/portal\/index.php?rest_route=%2Fwp%2Fv2%2Fmedia&parent=108673"}],"wp:term":[{"taxonomy":"category","embeddable":true,"href":"https:\/\/aconteceunovale.com.br\/portal\/index.php?rest_route=%2Fwp%2Fv2%2Fcategories&post=108673"},{"taxonomy":"post_tag","embeddable":true,"href":"https:\/\/aconteceunovale.com.br\/portal\/index.php?rest_route=%2Fwp%2Fv2%2Ftags&post=108673"}],"curies":[{"name":"wp","href":"https:\/\/api.w.org\/{rel}","templated":true}]}}