{"id":108670,"date":"2017-02-08T20:57:16","date_gmt":"2017-02-08T22:57:16","guid":{"rendered":"http:\/\/aconteceunovale.com.br\/portal\/?p=108670"},"modified":"2017-02-08T20:57:16","modified_gmt":"2017-02-08T22:57:16","slug":"parque-do-rio-doce-e-reaberto-para-visitacao","status":"publish","type":"post","link":"https:\/\/aconteceunovale.com.br\/portal\/?p=108670","title":{"rendered":"Parque do Rio Doce \u00e9 reaberto para visita\u00e7\u00e3o"},"content":{"rendered":"<p>Foi reaberto no \u00faltimo fim de semana, ap\u00f3s 15 dias fechado para visita\u00e7\u00e3o, o Parque Estadual do Rio Doce. O fechamento tempor\u00e1rio foi recomendado pela Secretaria de Estado de Sa\u00fade de Minas Gerais (SES-MG), devido o surto de febre amarela registrado no estado, principalmente no Leste de Minas.<\/p>\n<p>O Parque Estadual do Rio Doce fica em uma \u00e1rea entre as cidades de Dion\u00edsio, Marli\u00e9ria e Tim\u00f3teo. Em nenhuma dessas cidades h\u00e1 registro de casos da doen\u00e7a, conforme os dados do boletim da Secretaria de Estado de Sa\u00fade dessa ter\u00e7a-feira (7).<\/p>\n<p>Entretanto, de acordo com a secretaria, na \u00e9poca da recomenda\u00e7\u00e3o, o Parque era um local de grande visita\u00e7\u00e3o p\u00fablica por pessoas da regi\u00e3o afetada pelo surto. A inten\u00e7\u00e3o era preservar visitantes e funcion\u00e1rios de um poss\u00edvel contato com o v\u00edrus.<\/p>\n<p>\u201cO surto passou e grande parte das pessoas que ainda n\u00e3o estava vacinada j\u00e1 foi imunizada. Isso possibilitou a reabertura da \u00e1rea do parque, at\u00e9 porque n\u00e3o recebemos relatos de nenhum primata morto aqui no Parque\u201d, disse o gerente do parque, Vin\u00edcius de Assis Moreira.<\/p>\n<p><img decoding=\"async\" src=\"http:\/\/aconteceunovale.com.br\/portal\/wp-content\/uploads\/2017\/02\/perd.jpg\" alt=\"\" \/><em>Parque Estadual do Rio Doce ficou 15 dias fechado (Foto: Divulga\u00e7\u00e3o \/ IEF)<\/em><br \/>\n<\/br><\/p>\n<p><strong>VER PRIMEIRO<\/strong><\/p>\n<p><strong>Receba as not\u00edcias do Aconteceu no Vale em primeira m\u00e3o. Clique em curtir no endere\u00e7o <a href=\"https:\/\/www.facebook.com\/aconteceunovale\" target=\"_blank\"><font color=\"red\">www.facebook.com\/aconteceunovale<\/font><\/a> ou no box abaixo:<\/strong><\/p>\n<div class=\"fb-like\" data-href=\"https:\/\/www.facebook.com\/aconteceunovale\" data-width=\"120\" data-layout=\"standard\" data-action=\"like\" data-size=\"small\" data-show-faces=\"true\" data-share=\"true\"><\/div>\n<p><\/br><\/p>\n<p><em>(Fonte: G1 dos Vales)<\/em><\/p>\n","protected":false},"excerpt":{"rendered":"<p>Foi reaberto no \u00faltimo fim de semana, ap\u00f3s 15 dias fechado para visita\u00e7\u00e3o, o Parque Estadual do Rio Doce. O fechamento tempor\u00e1rio foi recomendado pela Secretaria de Estado de Sa\u00fade de Minas Gerais (SES-MG), devido o surto de febre amarela registrado no estado, principalmente no Leste de Minas. O Parque Estadual do Rio Doce fica [&hellip;]<\/p>\n","protected":false},"author":1,"featured_media":108671,"comment_status":"open","ping_status":"closed","sticky":false,"template":"","format":"standard","meta":{"amp_status":"","footnotes":""},"categories":[121],"tags":[1558,135063,1018,1727,966,1500,135064,136695,136692,1595,1742,1596,136571,1502,136693,32577,139057,136690,4684,136694,136691,1720,136569,1105],"class_list":["post-108670","post","type-post","status-publish","format-standard","has-post-thumbnail","hentry","category-leste","tag-araponga","tag-casos-de-febre-amarela-em-minas-gerais","tag-destaque","tag-dionisio","tag-divino","tag-ervalia","tag-febre-amarela-em-minas-gerais","tag-febre-amarela-no-parque-da-serra-do-brigadeiro","tag-febre-amarela-no-parque-do-rio-doce","tag-fervedouro","tag-marlieria","tag-miradouro","tag-mortes-por-febre-amarela-em-minas-gerais","tag-muriae","tag-parque-da-serra-do-brigadeiro","tag-parque-do-rio-doce","tag-parque-do-rio-doce-e-reaberto-para-visitacao","tag-parques-do-rio-doce-e-da-serra-do-brigadeiro-ficarao-temporariamente-fechados-por-causa-da-febre-amarela","tag-pedra-bonita","tag-risco-de-febre-amarela-no-parque-da-serra-do-brigadeiro","tag-risco-de-febre-amarela-no-parque-do-rio-doce","tag-sericita","tag-surto-de-febre-amarela-em-minas-gerais","tag-timoteo"],"_links":{"self":[{"href":"https:\/\/aconteceunovale.com.br\/portal\/index.php?rest_route=\/wp\/v2\/posts\/108670","targetHints":{"allow":["GET"]}}],"collection":[{"href":"https:\/\/aconteceunovale.com.br\/portal\/index.php?rest_route=\/wp\/v2\/posts"}],"about":[{"href":"https:\/\/aconteceunovale.com.br\/portal\/index.php?rest_route=\/wp\/v2\/types\/post"}],"author":[{"embeddable":true,"href":"https:\/\/aconteceunovale.com.br\/portal\/index.php?rest_route=\/wp\/v2\/users\/1"}],"replies":[{"embeddable":true,"href":"https:\/\/aconteceunovale.com.br\/portal\/index.php?rest_route=%2Fwp%2Fv2%2Fcomments&post=108670"}],"version-history":[{"count":0,"href":"https:\/\/aconteceunovale.com.br\/portal\/index.php?rest_route=\/wp\/v2\/posts\/108670\/revisions"}],"wp:featuredmedia":[{"embeddable":true,"href":"https:\/\/aconteceunovale.com.br\/portal\/index.php?rest_route=\/wp\/v2\/media\/108671"}],"wp:attachment":[{"href":"https:\/\/aconteceunovale.com.br\/portal\/index.php?rest_route=%2Fwp%2Fv2%2Fmedia&parent=108670"}],"wp:term":[{"taxonomy":"category","embeddable":true,"href":"https:\/\/aconteceunovale.com.br\/portal\/index.php?rest_route=%2Fwp%2Fv2%2Fcategories&post=108670"},{"taxonomy":"post_tag","embeddable":true,"href":"https:\/\/aconteceunovale.com.br\/portal\/index.php?rest_route=%2Fwp%2Fv2%2Ftags&post=108670"}],"curies":[{"name":"wp","href":"https:\/\/api.w.org\/{rel}","templated":true}]}}