{"id":108610,"date":"2017-02-08T15:37:19","date_gmt":"2017-02-08T17:37:19","guid":{"rendered":"http:\/\/aconteceunovale.com.br\/portal\/?p=108610"},"modified":"2017-02-08T15:37:19","modified_gmt":"2017-02-08T17:37:19","slug":"escola-de-saude-publica-de-minas-seleciona-alunos-para-curso-tecnico-de-enfermagem","status":"publish","type":"post","link":"https:\/\/aconteceunovale.com.br\/portal\/?p=108610","title":{"rendered":"Escola de Sa\u00fade P\u00fablica de Minas seleciona alunos para curso t\u00e9cnico de enfermagem"},"content":{"rendered":"<p>A Escola de Sa\u00fade P\u00fablica do Estado de Minas Gerais (ESP-MG), por meio do Edital n\u00ba 001\/2017, seleciona 35 alunos para o curso T\u00e9cnico de Enfermagem com qualifica\u00e7\u00e3o profissional de Auxiliar de Enfermagem. As inscri\u00e7\u00f5es j\u00e1 est\u00e3o abertas e prosseguem at\u00e9 10\/3\/2017.<\/p>\n<p>O curso tem o objetivo, al\u00e9m de formar um profissional competente, cr\u00edtico, \u00e9tico e reflexivo a respeito do seu cuidar em enfermagem, suprir as necessidades de forma\u00e7\u00e3o t\u00e9cnica para atua\u00e7\u00e3o junto ao Sistema \u00danico de Sa\u00fade (SUS), visando a presta\u00e7\u00e3o de assist\u00eancia de enfermagem em todos os n\u00edveis de complexidade da aten\u00e7\u00e3o \u00e0 sa\u00fade;<\/p>\n<p>A a\u00e7\u00e3o educacional \u00e9 direcionada a Auxiliares de Enfermagem, trabalhadores dos servi\u00e7os pr\u00f3prios do SUS, com v\u00ednculo efetivo ou contratado, vinculados a qualquer esfera administrativa (municipal, estadual ou federal), trabalhadores de institui\u00e7\u00f5es filantr\u00f3picas que atendam majoritariamente ao SUS.<\/p>\n<p>O curso tem dura\u00e7\u00e3o prevista de nove meses, de abril de 2017 a dezembro de 2017, em Belo Horizonte\/MG.<\/p>\n<p>Mais informa\u00e7\u00f5es do Edital n\u00ba 001\/2017 pelos telefones (31) 3295-7990 e 3295-5409 ou pelo e-mail educacaoprofissional@esp.mg.gov.br.<\/p>\n<p><strong>VER PRIMEIRO<\/strong><\/p>\n<p><strong>Receba as not\u00edcias do Aconteceu no Vale em primeira m\u00e3o. Clique em curtir no endere\u00e7o <a href=\"https:\/\/www.facebook.com\/aconteceunovale\" target=\"_blank\"><font color=\"red\">www.facebook.com\/aconteceunovale<\/font><\/a> ou no box abaixo:<\/strong><\/p>\n<div class=\"fb-like\" data-href=\"https:\/\/www.facebook.com\/aconteceunovale\" data-width=\"120\" data-layout=\"standard\" data-action=\"like\" data-size=\"small\" data-show-faces=\"true\" data-share=\"true\"><\/div>\n<p><\/br><\/p>\n<p><em>(Fonte: Ag\u00eancia Minas)<\/em><\/p>\n","protected":false},"excerpt":{"rendered":"<p>A Escola de Sa\u00fade P\u00fablica do Estado de Minas Gerais (ESP-MG), por meio do Edital n\u00ba 001\/2017, seleciona 35 alunos para o curso T\u00e9cnico de Enfermagem com qualifica\u00e7\u00e3o profissional de Auxiliar de Enfermagem. As inscri\u00e7\u00f5es j\u00e1 est\u00e3o abertas e prosseguem at\u00e9 10\/3\/2017. O curso tem o objetivo, al\u00e9m de formar um profissional competente, cr\u00edtico, \u00e9tico [&hellip;]<\/p>\n","protected":false},"author":1,"featured_media":108611,"comment_status":"open","ping_status":"closed","sticky":false,"template":"","format":"standard","meta":{"amp_status":"","footnotes":""},"categories":[40238,40242],"tags":[194,138987,138988,138990,138985,138986,138989],"class_list":["post-108610","post","type-post","status-publish","format-standard","has-post-thumbnail","hentry","category-educacao-2","category-saude-2","tag-belo-horizonte","tag-curso-esp-mg","tag-curso-tecnico-de-enfermagem-com-qualificacao-profissional-de-auxiliar-de-enfermagem","tag-escola-de-saude-publica-de-minas-seleciona-alunos-para-curso-tecnico-de-enfermagem","tag-escola-de-saude-publica-do-estado-de-minas-gerais","tag-esp-mg","tag-esp-mg-seleciona-alunos-para-curso-tecnico-de-enfermagem"],"_links":{"self":[{"href":"https:\/\/aconteceunovale.com.br\/portal\/index.php?rest_route=\/wp\/v2\/posts\/108610","targetHints":{"allow":["GET"]}}],"collection":[{"href":"https:\/\/aconteceunovale.com.br\/portal\/index.php?rest_route=\/wp\/v2\/posts"}],"about":[{"href":"https:\/\/aconteceunovale.com.br\/portal\/index.php?rest_route=\/wp\/v2\/types\/post"}],"author":[{"embeddable":true,"href":"https:\/\/aconteceunovale.com.br\/portal\/index.php?rest_route=\/wp\/v2\/users\/1"}],"replies":[{"embeddable":true,"href":"https:\/\/aconteceunovale.com.br\/portal\/index.php?rest_route=%2Fwp%2Fv2%2Fcomments&post=108610"}],"version-history":[{"count":0,"href":"https:\/\/aconteceunovale.com.br\/portal\/index.php?rest_route=\/wp\/v2\/posts\/108610\/revisions"}],"wp:featuredmedia":[{"embeddable":true,"href":"https:\/\/aconteceunovale.com.br\/portal\/index.php?rest_route=\/wp\/v2\/media\/108611"}],"wp:attachment":[{"href":"https:\/\/aconteceunovale.com.br\/portal\/index.php?rest_route=%2Fwp%2Fv2%2Fmedia&parent=108610"}],"wp:term":[{"taxonomy":"category","embeddable":true,"href":"https:\/\/aconteceunovale.com.br\/portal\/index.php?rest_route=%2Fwp%2Fv2%2Fcategories&post=108610"},{"taxonomy":"post_tag","embeddable":true,"href":"https:\/\/aconteceunovale.com.br\/portal\/index.php?rest_route=%2Fwp%2Fv2%2Ftags&post=108610"}],"curies":[{"name":"wp","href":"https:\/\/api.w.org\/{rel}","templated":true}]}}