{"id":108578,"date":"2017-02-07T22:21:39","date_gmt":"2017-02-08T00:21:39","guid":{"rendered":"http:\/\/aconteceunovale.com.br\/portal\/?p=108578"},"modified":"2017-02-07T22:21:39","modified_gmt":"2017-02-08T00:21:39","slug":"juri-em-governador-valadares-condena-reu-por-morte-de-ex-namorada-em-marilac","status":"publish","type":"post","link":"https:\/\/aconteceunovale.com.br\/portal\/?p=108578","title":{"rendered":"J\u00fari em Governador Valadares condena r\u00e9u por morte de ex-namorada em Marilac"},"content":{"rendered":"<p>Em julgamento realizado ontem, 6 de fevereiro de 2017, no Sal\u00e3o do J\u00fari da Comarca de Governador Valadares, um homem que matou a ex-namorada com um tiro no rosto, na cidade de Marilac (regi\u00e3o do Rio Doce), foi condenado a 16 anos de reclus\u00e3o, em regime inicial fechado. O j\u00fari foi presidido pelo juiz \u00c9verton Villaron de Souza.<\/p>\n<p>O crime ocorreu em 13 de mar\u00e7o de 2015, por volta das 20h30. De acordo com a den\u00fancia do Minist\u00e9rio P\u00fablico, Luan Myller F\u00e9lix de Souza, ent\u00e3o com 20 anos, atirou na ex-namorada, Paula Silva Ara\u00fajo, de 19 anos, pelo fato de n\u00e3o aceitar o fim do namoro entre eles.<\/p>\n<p>No julgamento realizado ontem, o corpo de jurados reconheceu que Luan Myller foi o autor do disparo que matou a jovem e que cometeu o crime por motivo f\u00fatil e mediante recurso que dificultou a defesa da v\u00edtima \u2013 homic\u00eddio duplamente qualificado.<\/p>\n<p>Ao proferir a senten\u00e7a, o juiz destacou que a conduta do r\u00e9u tinha alto grau de reprovabilidade: \u201cTrata-se de indiv\u00edduo penalmente imput\u00e1vel, que agiu livre de influ\u00eancias que pudessem alterar sua potencial capacidade de conhecer a ilicitude de sua conduta e de determinar-se de acordo com ela\u201d, observou.<\/p>\n<p>O magistrado destacou ainda que o motivo do crime foi f\u00fatil, de graves consequ\u00eancias e as circunst\u00e2ncias indicam que o disparo fatal efetuado pelo r\u00e9u foi de surpresa, acrescentando n\u00e3o haver nos autos \u201ccomprova\u00e7\u00e3o de que a v\u00edtima tenha contribu\u00eddo para o crime\u201d.<\/p>\n<p>Assim, o magistrado fixou a pena base em 12 anos, aumentando-a em quatro anos, em virtude das duas qualificadoras, ficando a pena final fixada em 16 anos, em regime inicial fechado. Foi negado ao r\u00e9u o direito de recorrer em liberdade.<\/p>\n<p><img decoding=\"async\" src=\"http:\/\/aconteceunovale.com.br\/portal\/wp-content\/uploads\/2015\/10\/luan_marilac.jpg\" alt=\"\" \/><em>Luan Myller foi preso em outubro de 2015 (Foto: Divulga\u00e7\u00e3o\/Pol\u00edcia Civil)<\/em><br \/>\n<\/br><\/p>\n<p><strong>VER PRIMEIRO<\/strong><\/p>\n<p><strong>Receba as not\u00edcias do Aconteceu no Vale em primeira m\u00e3o. Clique em curtir no endere\u00e7o <a href=\"https:\/\/www.facebook.com\/aconteceunovale\" target=\"_blank\"><font color=\"red\">www.facebook.com\/aconteceunovale<\/font><\/a> ou no box abaixo:<\/strong><\/p>\n<div class=\"fb-like\" data-href=\"https:\/\/www.facebook.com\/aconteceunovale\" data-width=\"120\" data-layout=\"standard\" data-action=\"like\" data-size=\"small\" data-show-faces=\"true\" data-share=\"true\"><\/div>\n<p><\/br><\/p>\n<p><em>(Fonte: TJMG)<\/em><\/p>\n","protected":false},"excerpt":{"rendered":"<p>Em julgamento realizado ontem, 6 de fevereiro de 2017, no Sal\u00e3o do J\u00fari da Comarca de Governador Valadares, um homem que matou a ex-namorada com um tiro no rosto, na cidade de Marilac (regi\u00e3o do Rio Doce), foi condenado a 16 anos de reclus\u00e3o, em regime inicial fechado. O j\u00fari foi presidido pelo juiz \u00c9verton [&hellip;]<\/p>\n","protected":false},"author":1,"featured_media":71501,"comment_status":"open","ping_status":"closed","sticky":false,"template":"","format":"standard","meta":{"amp_status":"","footnotes":""},"categories":[121],"tags":[63937,50338,138907,138908,1018,138910,247,138909,138911,63933,300,63934,63935,63936],"class_list":["post-108578","post","type-post","status-publish","format-standard","has-post-thumbnail","hentry","category-leste","tag-acusado-de-matar-ex-namorada-em-marilac","tag-bernardo-pena-salles","tag-comarca-de-governador-valadares","tag-condenado-em-governador-valadares","tag-destaque","tag-everton-villaron-de-souza","tag-governador-valadares","tag-juiz-everton-villaron-de-souza","tag-juri-em-governador-valadares-condena-reu-por-morte-de-ex-namorada-em-marilac","tag-luan-myller-felix-de-souza","tag-marilac","tag-paula-silva-araujo","tag-policia-prende-suspeito-de-matar-ex-namorada-em-marilac","tag-suspeito-de-matar-ex-namorada-em-marilac"],"_links":{"self":[{"href":"https:\/\/aconteceunovale.com.br\/portal\/index.php?rest_route=\/wp\/v2\/posts\/108578","targetHints":{"allow":["GET"]}}],"collection":[{"href":"https:\/\/aconteceunovale.com.br\/portal\/index.php?rest_route=\/wp\/v2\/posts"}],"about":[{"href":"https:\/\/aconteceunovale.com.br\/portal\/index.php?rest_route=\/wp\/v2\/types\/post"}],"author":[{"embeddable":true,"href":"https:\/\/aconteceunovale.com.br\/portal\/index.php?rest_route=\/wp\/v2\/users\/1"}],"replies":[{"embeddable":true,"href":"https:\/\/aconteceunovale.com.br\/portal\/index.php?rest_route=%2Fwp%2Fv2%2Fcomments&post=108578"}],"version-history":[{"count":0,"href":"https:\/\/aconteceunovale.com.br\/portal\/index.php?rest_route=\/wp\/v2\/posts\/108578\/revisions"}],"wp:featuredmedia":[{"embeddable":true,"href":"https:\/\/aconteceunovale.com.br\/portal\/index.php?rest_route=\/wp\/v2\/media\/71501"}],"wp:attachment":[{"href":"https:\/\/aconteceunovale.com.br\/portal\/index.php?rest_route=%2Fwp%2Fv2%2Fmedia&parent=108578"}],"wp:term":[{"taxonomy":"category","embeddable":true,"href":"https:\/\/aconteceunovale.com.br\/portal\/index.php?rest_route=%2Fwp%2Fv2%2Fcategories&post=108578"},{"taxonomy":"post_tag","embeddable":true,"href":"https:\/\/aconteceunovale.com.br\/portal\/index.php?rest_route=%2Fwp%2Fv2%2Ftags&post=108578"}],"curies":[{"name":"wp","href":"https:\/\/api.w.org\/{rel}","templated":true}]}}