{"id":108498,"date":"2017-02-06T18:45:46","date_gmt":"2017-02-06T20:45:46","guid":{"rendered":"http:\/\/aconteceunovale.com.br\/portal\/?p=108498"},"modified":"2017-02-06T22:51:44","modified_gmt":"2017-02-07T00:51:44","slug":"br-116-continua-interditada-no-vale-do-rio-doce","status":"publish","type":"post","link":"https:\/\/aconteceunovale.com.br\/portal\/?p=108498","title":{"rendered":"BR-116 continua interditada no Vale do Rio Doce"},"content":{"rendered":"<p>A BR-116 continua interditada nos dois sentidos, na altura do km 485, pr\u00f3ximo a Dom Cavati, na regi\u00e3o do Vale do Rio Doce, ap\u00f3s um acidente com uma carreta carregada com um material altamente explosivo, ocorrido \u00e0s 14h deste domingo (5\/2\/2017). A Pol\u00edcia Rodovi\u00e1ria Federal (PRF) informou que n\u00e3o tem previs\u00e3o de libera\u00e7\u00e3o das pistas.<\/p>\n<p>A estimativa inicial era que a estrada fosse liberada em no m\u00e1ximo dois dias, uma vez que o material exige grande cuidado no manuseio. A equipe para o transbordo do material chegou apenas nesta segunda-feira ao local.  A carreta saiu de Cama\u00e7ari, na Bahia, e seguia para entregar o material em S\u00e3o Jos\u00e9 dos Campos, em S\u00e3o Paulo. A finalidade do produto transportado n\u00e3o foi informado pela empresa respons\u00e1vel pelo transporte.<\/p>\n<p>Ainda segundo a PRF, a rota alternativa para desviar do acidente acrescenta a viagem em aproximadamente 100 quil\u00f4metros. Os motoristas devem fazer o desvio passando por Ipatinga, usando a BR-485 e a BR-381. Apesar do aumento do fluxo de ve\u00edculos gra\u00e7as ao desvio, n\u00e3o existem relatos de reten\u00e7\u00f5es no percurso.<\/p>\n<p>A Secretaria do Meio Ambiente de Dom Cavati informou que funcion\u00e1rios da prefeitura foram at\u00e9 o local para vistoriar o vazamento e avaliar o impacto ambiental, mas que o procedimento ainda est\u00e1 em andamento.<\/p>\n<p>A prefeitura informou que a empresa propriet\u00e1ria da carreta, que estava carregava mon\u00f4mero estireno estabilizado, tomou todas as medidas necess\u00e1rias. O vazamento gerou o receio de que material contaminasse um riacho que passa pela regi\u00e3o e des\u00e1gua no Rio Caratinga, os laudos sobre a situa\u00e7\u00e3o ainda n\u00e3o forma encerrados. <\/p>\n<p><img decoding=\"async\" src=\"http:\/\/aconteceunovale.com.br\/portal\/wp-content\/uploads\/2017\/02\/116_interditada.jpeg\" alt=\"\" \/><em>Caminh\u00e3o tombou pr\u00f3ximo a uma curva (Foto: Divulga\u00e7\u00e3o\/PRF)<\/em><br \/>\n<\/br><\/p>\n<p><strong>VER PRIMEIRO<\/strong><\/p>\n<p><strong>Receba as not\u00edcias do Aconteceu no Vale em primeira m\u00e3o. Clique em curtir no endere\u00e7o <a href=\"https:\/\/www.facebook.com\/aconteceunovale\" target=\"_blank\"><font color=\"red\">www.facebook.com\/aconteceunovale<\/font><\/a> ou no box abaixo:<\/strong><\/p>\n<div class=\"fb-like\" data-href=\"https:\/\/www.facebook.com\/aconteceunovale\" data-width=\"120\" data-layout=\"standard\" data-action=\"like\" data-size=\"small\" data-show-faces=\"true\" data-share=\"true\"><\/div>\n<p><\/br><\/p>\n<p><em>(Fonte: O Tempo)<\/em><\/p>\n","protected":false},"excerpt":{"rendered":"<p>A BR-116 continua interditada nos dois sentidos, na altura do km 485, pr\u00f3ximo a Dom Cavati, na regi\u00e3o do Vale do Rio Doce, ap\u00f3s um acidente com uma carreta carregada com um material altamente explosivo, ocorrido \u00e0s 14h deste domingo (5\/2\/2017). A Pol\u00edcia Rodovi\u00e1ria Federal (PRF) informou que n\u00e3o tem previs\u00e3o de libera\u00e7\u00e3o das pistas. [&hellip;]<\/p>\n","protected":false},"author":1,"featured_media":108499,"comment_status":"open","ping_status":"closed","sticky":false,"template":"","format":"standard","meta":{"amp_status":"","footnotes":""},"categories":[121],"tags":[138557,138560,138558,138561,125940,138556,74875,182,138745,138552,6527,237,138554,138553,138555,1018,1328,138559,74874,201,12802],"class_list":["post-108498","post","type-post","status-publish","format-standard","has-post-thumbnail","hentry","category-leste","tag-acidente-alp-transportes","tag-acidente-com-carreta-carregada-de-estireno-monomero-estabilizado","tag-acidente-com-carreta-da-alp-transportes","tag-acidente-com-carreta-de-estireno-monomero-estabilizado","tag-acidente-com-carreta-na-br-116","tag-alp-transportes","tag-bloqueio-da-br-116","tag-br-116","tag-br-116-continua-interditada-no-vale-do-rio-doce","tag-br-116-e-interditada-no-vale-do-rio-doce-apos-acidente-com-carreta-carregada-com-produto-inflamavel","tag-camacari","tag-caratinga","tag-carreta-com-produto-inflamavel-tomba-e-interdita-a-br-116-em-dom-cavati","tag-carreta-com-produto-inflamavel-tomba-e-interdita-a-br-116-no-vale-do-rio-doce","tag-corpo-de-bombeiros-de-caratinga","tag-destaque","tag-dom-cavati","tag-estireno-monomero-estabilizado","tag-interdicao-da-br-116","tag-ipatinga","tag-sao-jose-dos-campos"],"_links":{"self":[{"href":"https:\/\/aconteceunovale.com.br\/portal\/index.php?rest_route=\/wp\/v2\/posts\/108498","targetHints":{"allow":["GET"]}}],"collection":[{"href":"https:\/\/aconteceunovale.com.br\/portal\/index.php?rest_route=\/wp\/v2\/posts"}],"about":[{"href":"https:\/\/aconteceunovale.com.br\/portal\/index.php?rest_route=\/wp\/v2\/types\/post"}],"author":[{"embeddable":true,"href":"https:\/\/aconteceunovale.com.br\/portal\/index.php?rest_route=\/wp\/v2\/users\/1"}],"replies":[{"embeddable":true,"href":"https:\/\/aconteceunovale.com.br\/portal\/index.php?rest_route=%2Fwp%2Fv2%2Fcomments&post=108498"}],"version-history":[{"count":0,"href":"https:\/\/aconteceunovale.com.br\/portal\/index.php?rest_route=\/wp\/v2\/posts\/108498\/revisions"}],"wp:featuredmedia":[{"embeddable":true,"href":"https:\/\/aconteceunovale.com.br\/portal\/index.php?rest_route=\/wp\/v2\/media\/108499"}],"wp:attachment":[{"href":"https:\/\/aconteceunovale.com.br\/portal\/index.php?rest_route=%2Fwp%2Fv2%2Fmedia&parent=108498"}],"wp:term":[{"taxonomy":"category","embeddable":true,"href":"https:\/\/aconteceunovale.com.br\/portal\/index.php?rest_route=%2Fwp%2Fv2%2Fcategories&post=108498"},{"taxonomy":"post_tag","embeddable":true,"href":"https:\/\/aconteceunovale.com.br\/portal\/index.php?rest_route=%2Fwp%2Fv2%2Ftags&post=108498"}],"curies":[{"name":"wp","href":"https:\/\/api.w.org\/{rel}","templated":true}]}}