{"id":108466,"date":"2017-02-06T21:11:09","date_gmt":"2017-02-06T23:11:09","guid":{"rendered":"http:\/\/aconteceunovale.com.br\/portal\/?p=108466"},"modified":"2017-02-06T21:11:09","modified_gmt":"2017-02-06T23:11:09","slug":"ministerio-publico-aciona-justica-para-obrigar-municipio-de-pocrane-a-regularizar-moradias-de-cerca-de-750-familias","status":"publish","type":"post","link":"https:\/\/aconteceunovale.com.br\/portal\/?p=108466","title":{"rendered":"Minist\u00e9rio P\u00fablico aciona Justi\u00e7a para obrigar munic\u00edpio de Pocrane a regularizar moradias de cerca de 750 fam\u00edlias"},"content":{"rendered":"<p>O Minist\u00e9rio P\u00fablico de Minas Gerais (MPMG), por meio da Promotoria de Justi\u00e7a de Habita\u00e7\u00e3o e Urbanismo de Ipanema, ajuizou A\u00e7\u00e3o Civil P\u00fablica (ACP) contra o munic\u00edpio de Pocrane, no Vale do Rio Doce, com o objetivo de garantir a regulariza\u00e7\u00e3o fundi\u00e1ria, urban\u00edstica e ambiental do bairro C\u00f4nego Ricardo. <\/p>\n<p>O local, de aproximadamente 180 mil metros quadrados, \u00e9 de propriedade do munic\u00edpio. Por\u00e9m, abriga, atualmente, cerca de 750 fam\u00edlias em situa\u00e7\u00e3o irregular de moradia, sem acesso a rede geral de esgoto, fornecimento integral de abastecimento de \u00e1gua, energia el\u00e9trica, drenagem pluvial e coleta de lixo. <\/p>\n<p>Conforme a ACP, o bairro, que concentra a maioria dos crimes e atos infracionais, encontra-se absolutamente \u00e0 revelia das normas atinentes \u00e0 ordem urban\u00edstica, relevando, dupla omiss\u00e3o do ente municipal. \u201cAl\u00e9m de n\u00e3o zelar pelo seu patrim\u00f4nio, pois deveria ter ajuizado a\u00e7\u00e3o de reintegra\u00e7\u00e3o de posse em tempo pr\u00f3prio, o munic\u00edpio deixa de conferir a devida infraestrutura aos mun\u00edcipes que l\u00e1 residem, como \u00e9 de sua compet\u00eancia institucional\u201d. <\/p>\n<p>O MPMG pede que o munic\u00edpio seja condenado a fazer a demarca\u00e7\u00e3o urban\u00edstica do bairro, com o cadastramento das fam\u00edlias residentes na \u00e1rea e levantamento topogr\u00e1fico dos lotes e respectivas resid\u00eancias, al\u00e9m de regularizar a situa\u00e7\u00e3o fundi\u00e1ria, urban\u00edstica e ambiental do local, promovendo, para tanto, aprova\u00e7\u00e3o de leis municipais que transformem o zoneamento da \u00e1rea do bairro em Zona de Especial Interesse Social (Zeis).<\/p>\n<p>Pede, ainda, que, ap\u00f3s a aprova\u00e7\u00e3o das leis, proceda \u00e0 elabora\u00e7\u00e3o de projeto urban\u00edstico para a ocupa\u00e7\u00e3o, averba\u00e7\u00e3o na matr\u00edcula do im\u00f3vel da concess\u00e3o de uso especial para fins de moradia em favor dos ocupantes e implanta\u00e7\u00e3o de obras de infraestrutura, remo\u00e7\u00e3o e reassentamento dos moradores que, eventualmente, n\u00e3o possam permanecer no local em virtude de restri\u00e7\u00f5es legais.<\/p>\n<p><img decoding=\"async\" src=\"http:\/\/aconteceunovale.com.br\/portal\/wp-content\/uploads\/2017\/02\/pocrane_mg.jpg\" alt=\"\" \/><em>Vista de Pocrane (Foto: Reprodu\u00e7\u00e3o Facebook\/Jonathas Gerry de Oliveira Dur\u00e7o)<\/em><br \/>\n<\/br><\/p>\n<p><strong>VER PRIMEIRO<\/strong><\/p>\n<p><strong>Receba as not\u00edcias do Aconteceu no Vale em primeira m\u00e3o. Clique em curtir no endere\u00e7o <a href=\"https:\/\/www.facebook.com\/aconteceunovale\" target=\"_blank\"><font color=\"red\">www.facebook.com\/aconteceunovale<\/font><\/a> ou no box abaixo:<\/strong><\/p>\n<div class=\"fb-like\" data-href=\"https:\/\/www.facebook.com\/aconteceunovale\" data-width=\"120\" data-layout=\"standard\" data-action=\"like\" data-size=\"small\" data-show-faces=\"true\" data-share=\"true\"><\/div>\n<p><\/br><\/p>\n<p><em>(Fonte: MPMG)<\/em><\/p>\n","protected":false},"excerpt":{"rendered":"<p>O Minist\u00e9rio P\u00fablico de Minas Gerais (MPMG), por meio da Promotoria de Justi\u00e7a de Habita\u00e7\u00e3o e Urbanismo de Ipanema, ajuizou A\u00e7\u00e3o Civil P\u00fablica (ACP) contra o munic\u00edpio de Pocrane, no Vale do Rio Doce, com o objetivo de garantir a regulariza\u00e7\u00e3o fundi\u00e1ria, urban\u00edstica e ambiental do bairro C\u00f4nego Ricardo. O local, de aproximadamente 180 mil [&hellip;]<\/p>\n","protected":false},"author":1,"featured_media":108467,"comment_status":"open","ping_status":"closed","sticky":false,"template":"","format":"standard","meta":{"amp_status":"","footnotes":""},"categories":[121],"tags":[1732,138660,19674,138662,19675,2147,138663,138661,138664],"class_list":["post-108466","post","type-post","status-publish","format-standard","has-post-thumbnail","hentry","category-leste","tag-ipanema","tag-ministerio-publico-aciona-justica-para-obrigar-municipio-de-pocrane-a-regularizar-moradias-de-cerca-de-750-familias","tag-ministerio-publico-de-minas-gerais","tag-moradias-em-pocrane","tag-mpmg","tag-pocrane","tag-promotoria-de-justica-de-habitacao-e-urbanismo-de-ipanema","tag-regularizacao-de-moradias-em-pocrane","tag-regularizacao-fundiaria-em-pocrane"],"_links":{"self":[{"href":"https:\/\/aconteceunovale.com.br\/portal\/index.php?rest_route=\/wp\/v2\/posts\/108466","targetHints":{"allow":["GET"]}}],"collection":[{"href":"https:\/\/aconteceunovale.com.br\/portal\/index.php?rest_route=\/wp\/v2\/posts"}],"about":[{"href":"https:\/\/aconteceunovale.com.br\/portal\/index.php?rest_route=\/wp\/v2\/types\/post"}],"author":[{"embeddable":true,"href":"https:\/\/aconteceunovale.com.br\/portal\/index.php?rest_route=\/wp\/v2\/users\/1"}],"replies":[{"embeddable":true,"href":"https:\/\/aconteceunovale.com.br\/portal\/index.php?rest_route=%2Fwp%2Fv2%2Fcomments&post=108466"}],"version-history":[{"count":0,"href":"https:\/\/aconteceunovale.com.br\/portal\/index.php?rest_route=\/wp\/v2\/posts\/108466\/revisions"}],"wp:featuredmedia":[{"embeddable":true,"href":"https:\/\/aconteceunovale.com.br\/portal\/index.php?rest_route=\/wp\/v2\/media\/108467"}],"wp:attachment":[{"href":"https:\/\/aconteceunovale.com.br\/portal\/index.php?rest_route=%2Fwp%2Fv2%2Fmedia&parent=108466"}],"wp:term":[{"taxonomy":"category","embeddable":true,"href":"https:\/\/aconteceunovale.com.br\/portal\/index.php?rest_route=%2Fwp%2Fv2%2Fcategories&post=108466"},{"taxonomy":"post_tag","embeddable":true,"href":"https:\/\/aconteceunovale.com.br\/portal\/index.php?rest_route=%2Fwp%2Fv2%2Ftags&post=108466"}],"curies":[{"name":"wp","href":"https:\/\/api.w.org\/{rel}","templated":true}]}}