{"id":108464,"date":"2017-02-06T20:43:59","date_gmt":"2017-02-06T22:43:59","guid":{"rendered":"http:\/\/aconteceunovale.com.br\/portal\/?p=108464"},"modified":"2017-02-06T22:50:29","modified_gmt":"2017-02-07T00:50:29","slug":"por-causa-da-violencia-no-es-vale-suspende-viagens-de-trem-entre-belo-horizonte-e-cariacica","status":"publish","type":"post","link":"https:\/\/aconteceunovale.com.br\/portal\/?p=108464","title":{"rendered":"Por causa da viol\u00eancia no ES, Vale suspende viagens de trem entre Belo Horizonte e Cariacica"},"content":{"rendered":"<p>Entre Belo Horizonte e Governador Valadares. Esse ser\u00e1 o trecho percorrido pelo Trem de Passageiros da Estrada de Ferro Vit\u00f3ria a Minas (EFVM) a partir desta ter\u00e7a-feira (7\/2\/2017). A Vale, empresa respons\u00e1vel pelo transporte, anunciou nesta segunda (6) que a locomotiva n\u00e3o seguir\u00e1 para as esta\u00e7\u00f5es no Esp\u00edrito Santo para garantir a seguran\u00e7a dos passageiros e funcion\u00e1rios.<\/p>\n<p>A medida tempor\u00e1ria foi tomada por causa da onda de viol\u00eancia que tomou o estado capixaba desde a \u00faltima sexta, quando teve in\u00edcio a paralisa\u00e7\u00e3o dos trabalhos pela Pol\u00edcia Militar (PM) para protestar por pagamento em dia e reajuste salarial.<\/p>\n<p>\u201cA medida se faz necess\u00e1ria para garantir a seguran\u00e7a das pessoas que utilizam o transporte ferrovi\u00e1rio de passageiros diariamente, bem como dos empregados que atuam no interior do trem e nas esta\u00e7\u00f5es ferrovi\u00e1rias localizadas no Esp\u00edrito Santo\u201d, diz a empresa, em um comunicado divulgado em seu site.<\/p>\n<p>De acordo com a Vale, os passageiros que tinham viagem marcada para esta ter\u00e7a (7) poder\u00e3o remarcar o bilhete, ou pedir o reembolso do valor investido na compra da passagem. Para isso, devem se dirigir no prazo de at\u00e9 30 dias a qualquer uma das esta\u00e7\u00f5es localizadas ao longo da Estrada de Ferro Vit\u00f3ria a Minas.<\/p>\n<p>\u201cA Vale lamenta quaisquer transtornos causados aos seus passageiros, mas ressalta que a decis\u00e3o de suspender o servi\u00e7o visa t\u00e3o somente a garantir a seguran\u00e7a dos seus passageiros e empregados\u201d, ressalta a empresa.<\/p>\n<p>Ainda n\u00e3o h\u00e1 uma data determinada para que o transporte, que vai at\u00e9 a esta\u00e7\u00e3o ferrovi\u00e1ria Pedro Nolasco, em Cariacica, no Esp\u00edrito Santo, volte a circular no estado capixaba. Entretanto, a Vale garante que assim que a situa\u00e7\u00e3o se normalize, \u201ca circula\u00e7\u00e3o do Trem de Passageiros ser\u00e1 retomada como ocorre habitualmente\u201d.<\/p>\n<p>Segundo o ministro da Defesa, Raul Jungmann, desde s\u00e1bado (4), pelo menos 51 pessoas foram assassinadas na Grande Vit\u00f3ria. &#8220;H\u00e1 uma situa\u00e7\u00e3o de gravidade l\u00e1 (em Vit\u00f3ria) porque as pol\u00edcias est\u00e3o, ao que eu tenho tido informa\u00e7\u00e3o, impedidas de se deslocarem para exercerem suas fun\u00e7\u00f5es porque familiares, mulheres dos policiais est\u00e3o fazendo bloqueios. Isso tem levado a uma situa\u00e7\u00e3o que, praticamente, n\u00e3o se tem Pol\u00edcia Militar na rua&#8221;, afirmou Jungmann.<\/p>\n<p>Atendendo a pedido do governador em exerc\u00edcio do Esp\u00edrito Santo, C\u00e9sar Colnago, o presidente Michel Temer autorizou o emprego das For\u00e7as Armadas para ajudar no policiamento das ruas do Estado. Jungmann estima que at\u00e9 2 mil militares reforcem o policiamento ostensivo em Vit\u00f3ria e na regi\u00e3o metropolitana. Esse efetivo dever\u00e1 ser deslocado de outros comandos do Ex\u00e9rcito, da Marinha e da Aeron\u00e1utica do pr\u00f3prio Esp\u00edrito Santo, al\u00e9m de tropas de Estados vizinhos. <\/p>\n<p><strong>Leia, na \u00edntegra, o comunicado da Vale:<\/strong><\/p>\n<p><em>A Vale informa que ir\u00e1 suspender temporariamente a circula\u00e7\u00e3o do Trem de Passageiros da Estrada de Ferro Vit\u00f3ria a Minas (EFVM) entre o ES e MG a partir desta ter\u00e7a-feira, dia 7 de fevereiro. A medida se faz necess\u00e1ria para garantir a seguran\u00e7a das pessoas que utilizam o transporte ferrovi\u00e1rio de passageiros diariamente, bem como dos empregados que atuam no interior do trem e nas esta\u00e7\u00f5es ferrovi\u00e1rias localizadas no Esp\u00edrito Santo.<\/p>\n<p>A empresa informa ainda que a composi\u00e7\u00e3o que faz o percurso entre a esta\u00e7\u00e3o ferrovi\u00e1ria de Belo Horizonte e a esta\u00e7\u00e3o ferrovi\u00e1ria Pedro Nolasco (Cariacica\/ES) circular\u00e1 apenas at\u00e9 a cidade de Governador Valadares, no Leste de Minas Gerais, e de l\u00e1 retornar\u00e1 para a capital mineira.<\/p>\n<p>T\u00e3o logo a situa\u00e7\u00e3o se normalize, a circula\u00e7\u00e3o do Trem de Passageiros ser\u00e1 retomada como ocorre habitualmente.<\/p>\n<p>A Vale lamenta quaisquer transtornos causados aos seus passageiros, mas ressalta que a decis\u00e3o de suspender o servi\u00e7o visa t\u00e3o somente a garantir a seguran\u00e7a dos seus passageiros e empregados.<\/p>\n<p>Os passageiros que tinham viagem marcada para esta ter\u00e7a (7\/2) poder\u00e3o remarcar o bilhete, ou pedir o reembolso do valor investido na compra da passagem. Para isso, devem se dirigir no prazo de at\u00e9 30 dias a qualquer uma das esta\u00e7\u00f5es localizadas ao longo da Estrada de Ferro Vit\u00f3ria a Minas.<\/em> <\/p>\n<p><strong>VER PRIMEIRO<\/strong><\/p>\n<p><strong>Receba as not\u00edcias do Aconteceu no Vale em primeira m\u00e3o. Clique em curtir no endere\u00e7o <a href=\"https:\/\/www.facebook.com\/aconteceunovale\" target=\"_blank\"><font color=\"red\">www.facebook.com\/aconteceunovale<\/font><\/a> ou no box abaixo:<\/strong><\/p>\n<div class=\"fb-like\" data-href=\"https:\/\/www.facebook.com\/aconteceunovale\" data-width=\"120\" data-layout=\"standard\" data-action=\"like\" data-size=\"small\" data-show-faces=\"true\" data-share=\"true\"><\/div>\n<p><\/br><\/p>\n<p><em>(Fonte: O Tempo)<\/em><\/p>\n","protected":false},"excerpt":{"rendered":"<p>Entre Belo Horizonte e Governador Valadares. Esse ser\u00e1 o trecho percorrido pelo Trem de Passageiros da Estrada de Ferro Vit\u00f3ria a Minas (EFVM) a partir desta ter\u00e7a-feira (7\/2\/2017). A Vale, empresa respons\u00e1vel pelo transporte, anunciou nesta segunda (6) que a locomotiva n\u00e3o seguir\u00e1 para as esta\u00e7\u00f5es no Esp\u00edrito Santo para garantir a seguran\u00e7a dos passageiros [&hellip;]<\/p>\n","protected":false},"author":1,"featured_media":103984,"comment_status":"open","ping_status":"closed","sticky":false,"template":"","format":"standard","meta":{"amp_status":"","footnotes":""},"categories":[6,123],"tags":[194,15869,27760,138439,26413,82223,138658,138655,138653,2352,2910,138659,138654,138657,138656,9763],"class_list":["post-108464","post","type-post","status-publish","format-standard","has-post-thumbnail","hentry","category-br","category-gerais","tag-belo-horizonte","tag-cariacica","tag-efvm","tag-es","tag-estrada-de-ferro-vitoria-a-minas","tag-pedro-nolasco","tag-por-causa-da-violencia-no-es","tag-suspensao-das-viagens-de-trem-de-belo-horizonte-para-vitoria","tag-suspensao-trem-da-vale","tag-trem-da-vale","tag-vale","tag-vale-suspende-viagens-de-trem-entre-belo-horizonte-e-cariacica","tag-viagens-de-trem-de-belo-horizonte-para-vitoria","tag-violencia-no-es","tag-violencia-no-espirito-santo","tag-vitoria"],"_links":{"self":[{"href":"https:\/\/aconteceunovale.com.br\/portal\/index.php?rest_route=\/wp\/v2\/posts\/108464","targetHints":{"allow":["GET"]}}],"collection":[{"href":"https:\/\/aconteceunovale.com.br\/portal\/index.php?rest_route=\/wp\/v2\/posts"}],"about":[{"href":"https:\/\/aconteceunovale.com.br\/portal\/index.php?rest_route=\/wp\/v2\/types\/post"}],"author":[{"embeddable":true,"href":"https:\/\/aconteceunovale.com.br\/portal\/index.php?rest_route=\/wp\/v2\/users\/1"}],"replies":[{"embeddable":true,"href":"https:\/\/aconteceunovale.com.br\/portal\/index.php?rest_route=%2Fwp%2Fv2%2Fcomments&post=108464"}],"version-history":[{"count":0,"href":"https:\/\/aconteceunovale.com.br\/portal\/index.php?rest_route=\/wp\/v2\/posts\/108464\/revisions"}],"wp:featuredmedia":[{"embeddable":true,"href":"https:\/\/aconteceunovale.com.br\/portal\/index.php?rest_route=\/wp\/v2\/media\/103984"}],"wp:attachment":[{"href":"https:\/\/aconteceunovale.com.br\/portal\/index.php?rest_route=%2Fwp%2Fv2%2Fmedia&parent=108464"}],"wp:term":[{"taxonomy":"category","embeddable":true,"href":"https:\/\/aconteceunovale.com.br\/portal\/index.php?rest_route=%2Fwp%2Fv2%2Fcategories&post=108464"},{"taxonomy":"post_tag","embeddable":true,"href":"https:\/\/aconteceunovale.com.br\/portal\/index.php?rest_route=%2Fwp%2Fv2%2Ftags&post=108464"}],"curies":[{"name":"wp","href":"https:\/\/api.w.org\/{rel}","templated":true}]}}