{"id":108462,"date":"2017-02-06T20:01:40","date_gmt":"2017-02-06T22:01:40","guid":{"rendered":"http:\/\/aconteceunovale.com.br\/portal\/?p=108462"},"modified":"2017-02-06T20:01:40","modified_gmt":"2017-02-06T22:01:40","slug":"minas-gerais-tem-expectativa-de-safra-recorde-de-graos-neste-ano","status":"publish","type":"post","link":"https:\/\/aconteceunovale.com.br\/portal\/?p=108462","title":{"rendered":"Minas Gerais tem expectativa de safra recorde de gr\u00e3os neste ano"},"content":{"rendered":"<p>Minas Gerais deve colher safra recorde de 13,8 milh\u00f5es de toneladas de gr\u00e3os neste ano. O volume esperado para a safra 2016\/2017 \u00e9 17,1% superior \u00e0 safra passada. A \u00e1rea plantada deve alcan\u00e7ar 3,3 milh\u00f5es de hectares.<\/p>\n<p>Os n\u00fameros fazem parte dos levantamentos de safra realizados pela Conab e pelo IBGE e foram analisados pela\u00a0Secretaria de Agricultura, Pecu\u00e1ria e Abastecimento (Seapa).<\/p>\n<p>Milho e soja representam 90% da produ\u00e7\u00e3o mineira de gr\u00e3os, que engloba tamb\u00e9m o feij\u00e3o, algod\u00e3o, sorgo, trigo, arroz, amendoim, girassol e mamona. As principais regi\u00f5es produtoras s\u00e3o o Noroeste, Tri\u00e2ngulo e Alto Parana\u00edba, que totalizam 67,2 % da produ\u00e7\u00e3o.<\/p>\n<p>Esse bom resultado se deve ao esperado ganho de produtividade. Nesta safra as lavouras de milho e soja foram influenciadas pelos bons n\u00edveis de pre\u00e7os que antecederam o per\u00edodo de plantio.<\/p>\n<p>Segundo o secret\u00e1rio de Agricultura, Pecu\u00e1ria e Abastecimento, Pedro Leit\u00e3o, a possibilidade de colhermos uma safra recorde \u00e9 essencial para dinamizar a economia mineira, pois revitaliza as agroind\u00fastrias do complexo soja, al\u00e9m de ofertar milho e farelo de soja, que s\u00e3o produtos essenciais para a produ\u00e7\u00e3o de prote\u00edna animal, a exemplo das carnes (bovina, frango e su\u00edna), ovos e leite.<\/p>\n<p>Em rela\u00e7\u00e3o \u00e0 cultura do milho, os produtores disp\u00f5em de capital para financiamento da produ\u00e7\u00e3o, bem como utilizam bom n\u00edvel tecnol\u00f3gico no sistema de cultivo. Essas caracter\u00edsticas criam para a cultura a expectativa de elevadas produtividades, o que vai depender do desempenho da atividade clim\u00e1tica.<\/p>\n<p>No caso da soja, a estrat\u00e9gia montada pelos produtores, nessa safra, foi apostar no aumento do plantio da oleaginosa utilizando o melhor pacote tecnol\u00f3gico dispon\u00edvel, como forma de compensar a frustra\u00e7\u00e3o da temporada passada.<\/p>\n<p><strong>Estimativa Safra Gr\u00e3os MG 2016\/2017<\/strong><\/p>\n<p><strong>Milho \u2013<\/strong>\u00a07,8 milh\u00f5es de toneladas (+32,2%)<\/p>\n<p><strong>Soja \u2013<\/strong>\u00a04,6 milh\u00f5es de toneladas (-2,1%)<\/p>\n<p><strong>Sorgo \u2013<\/strong>\u00a0516,8 mil toneladas (+48,7%)<\/p>\n<p><strong>Feij\u00e3o \u2013<\/strong>\u00a0559 mil toneladas (+7,5%)<\/p>\n<p><strong>Arroz \u2013\u00a0<\/strong>16,1 mil toneladas (+7,3%)<\/p>\n<p><strong>Mamona \u2013<\/strong>\u00a09,3 mil toneladas (+38,8%)<\/p>\n<p><strong>VER PRIMEIRO<\/strong><\/p>\n<p><strong>Receba as not\u00edcias do Aconteceu no Vale em primeira m\u00e3o. Clique em curtir no endere\u00e7o <a href=\"https:\/\/www.facebook.com\/aconteceunovale\" target=\"_blank\"><font color=\"red\">www.facebook.com\/aconteceunovale<\/font><\/a> ou no box abaixo:<\/strong><\/p>\n<div class=\"fb-like\" data-href=\"https:\/\/www.facebook.com\/aconteceunovale\" data-width=\"120\" data-layout=\"standard\" data-action=\"like\" data-size=\"small\" data-show-faces=\"true\" data-share=\"true\"><\/div>\n<p><\/br><\/p>\n<p><em>(Ag\u00eancia Minas)<\/em><\/p>\n","protected":false},"excerpt":{"rendered":"<p>Minas Gerais deve colher safra recorde de 13,8 milh\u00f5es de toneladas de gr\u00e3os neste ano. O volume esperado para a safra 2016\/2017 \u00e9 17,1% superior \u00e0 safra passada. A \u00e1rea plantada deve alcan\u00e7ar 3,3 milh\u00f5es de hectares. Os n\u00fameros fazem parte dos levantamentos de safra realizados pela Conab e pelo IBGE e foram analisados pela\u00a0Secretaria [&hellip;]<\/p>\n","protected":false},"author":1,"featured_media":65627,"comment_status":"open","ping_status":"closed","sticky":false,"template":"","format":"standard","meta":{"amp_status":"","footnotes":""},"categories":[123],"tags":[44014,125369,15402,29827,138650,59737,109477,1062,138649,71863,138652,26490,65897,55307,138651,55305,27578,85341,33217,138648],"class_list":["post-108462","post","type-post","status-publish","format-standard","has-post-thumbnail","hentry","category-gerais","tag-algodao","tag-amendoim","tag-arroz","tag-conab","tag-estimativa-safra-graos-mg-20162017","tag-feijao","tag-girassol","tag-ibge","tag-mamona","tag-milho","tag-minas-gerais-tem-expectativa-de-safra-recorde-de-graos-neste-ano","tag-producao-de-graos-em-minas-gerais","tag-producao-mineira-de-graos","tag-safra-de-graos-em-minas-gerais","tag-safra-graos-mg-20162017","tag-safra-mineira-de-graos","tag-seapa","tag-soja","tag-sorgo","tag-trigoa"],"_links":{"self":[{"href":"https:\/\/aconteceunovale.com.br\/portal\/index.php?rest_route=\/wp\/v2\/posts\/108462","targetHints":{"allow":["GET"]}}],"collection":[{"href":"https:\/\/aconteceunovale.com.br\/portal\/index.php?rest_route=\/wp\/v2\/posts"}],"about":[{"href":"https:\/\/aconteceunovale.com.br\/portal\/index.php?rest_route=\/wp\/v2\/types\/post"}],"author":[{"embeddable":true,"href":"https:\/\/aconteceunovale.com.br\/portal\/index.php?rest_route=\/wp\/v2\/users\/1"}],"replies":[{"embeddable":true,"href":"https:\/\/aconteceunovale.com.br\/portal\/index.php?rest_route=%2Fwp%2Fv2%2Fcomments&post=108462"}],"version-history":[{"count":0,"href":"https:\/\/aconteceunovale.com.br\/portal\/index.php?rest_route=\/wp\/v2\/posts\/108462\/revisions"}],"wp:featuredmedia":[{"embeddable":true,"href":"https:\/\/aconteceunovale.com.br\/portal\/index.php?rest_route=\/wp\/v2\/media\/65627"}],"wp:attachment":[{"href":"https:\/\/aconteceunovale.com.br\/portal\/index.php?rest_route=%2Fwp%2Fv2%2Fmedia&parent=108462"}],"wp:term":[{"taxonomy":"category","embeddable":true,"href":"https:\/\/aconteceunovale.com.br\/portal\/index.php?rest_route=%2Fwp%2Fv2%2Fcategories&post=108462"},{"taxonomy":"post_tag","embeddable":true,"href":"https:\/\/aconteceunovale.com.br\/portal\/index.php?rest_route=%2Fwp%2Fv2%2Ftags&post=108462"}],"curies":[{"name":"wp","href":"https:\/\/api.w.org\/{rel}","templated":true}]}}