{"id":108404,"date":"2017-02-05T21:20:40","date_gmt":"2017-02-05T23:20:40","guid":{"rendered":"http:\/\/aconteceunovale.com.br\/portal\/?p=108404"},"modified":"2017-02-05T21:20:40","modified_gmt":"2017-02-05T23:20:40","slug":"bloco-raparigas-do-bonfim-resgata-carnaval-de-rua-em-montes-claros","status":"publish","type":"post","link":"https:\/\/aconteceunovale.com.br\/portal\/?p=108404","title":{"rendered":"Bloco \u2018Raparigas do Bonfim\u2019 resgata carnaval de rua em Montes Claros"},"content":{"rendered":"<p>Um grupo de pessoas de Montes Claros resolveu resgatar o carnaval de rua da cidade.  E, assim, criou o \u201cRaparigas do Bonfim\u201d, que esquenta os tamborins para a folia. Na tarde deste domingo (5\/2\/2017), o bloco realizou ensaio no Bairro Planalto, atraindo centenas de pessoas. O pr\u00e9-carnaval teve muita m\u00fasica, algumas fantasias e cerveja. <\/p>\n<p>O carnaval de rua de Montes Claros deixou de acontecer h\u00e1 mais de 20 anos e agora o bloco promete recuperar a folia. A chuva fina, que caiu durante a tarde, n\u00e3o desanimou os integrantes, que estavam em frente ao bar Casa da Nega, em uma das esquinas da Pra\u00e7a do Bairro Planalto. O nome do bloco foi inspirado na m\u00fasica &#8220;Rapariga do Bonfim&#8221;, do compositor Elthomar Santoro (j\u00e1 falecido), natural de S\u00e3o Jo\u00e3o da Ponte (Norte de Minas) e radicado em Montes Claros.<\/p>\n<p>O bloco promete mais anima\u00e7\u00e3o para o pr\u00f3ximo dia 19, quando realizar\u00e1 o pr\u00e9-carnaval &#8220;Praia das Raparigas&#8221;, na Pra\u00e7a dos Jatob\u00e1s, local de festas populares em Montes Claros. Os foli\u00f5es ter\u00e3o direito a se refrescarem com jatos d&#8217;\u00e1gua de um caminh\u00e3o-pipa, prometem os organizadores.<\/p>\n<p><iframe loading=\"lazy\" width=\"640\" height=\"360\" src=\"https:\/\/www.youtube.com\/embed\/IevqnVp_6Yc\" frameborder=\"0\" allowfullscreen><\/iframe><br \/>\n<\/br><\/p>\n<p><strong>VER PRIMEIRO<\/strong><\/p>\n<p><strong>Receba as not\u00edcias do Aconteceu no Vale em primeira m\u00e3o. Clique em curtir no endere\u00e7o <a href=\"https:\/\/www.facebook.com\/aconteceunovale\" target=\"_blank\"><font color=\"red\">www.facebook.com\/aconteceunovale<\/font><\/a> ou no box abaixo:<\/strong><\/p>\n<div class=\"fb-like\" data-href=\"https:\/\/www.facebook.com\/aconteceunovale\" data-width=\"120\" data-layout=\"standard\" data-action=\"like\" data-size=\"small\" data-show-faces=\"true\" data-share=\"true\"><\/div>\n<p><\/br><\/p>\n<p><em>(Fonte: Estado de Minas \/ Reportagem: Luiz Ribeiro \/ Cr\u00e9ditos V\u00eddeo: Portal Uai)<\/em><\/p>\n","protected":false},"excerpt":{"rendered":"<p>Um grupo de pessoas de Montes Claros resolveu resgatar o carnaval de rua da cidade. E, assim, criou o \u201cRaparigas do Bonfim\u201d, que esquenta os tamborins para a folia. Na tarde deste domingo (5\/2\/2017), o bloco realizou ensaio no Bairro Planalto, atraindo centenas de pessoas. O pr\u00e9-carnaval teve muita m\u00fasica, algumas fantasias e cerveja. O [&hellip;]<\/p>\n","protected":false},"author":1,"featured_media":108405,"comment_status":"open","ping_status":"closed","sticky":false,"template":"","format":"standard","meta":{"amp_status":"","footnotes":""},"categories":[125,1236],"tags":[138568,138572,138567,138573,138565,138574,138570,138566,138562,138563,16991,138576,210,138575,138569,138564,138571,2448],"class_list":["post-108404","post","type-post","status-publish","format-standard","has-post-thumbnail","hentry","category-noticias","category-norte_de_minas","tag-aquecimento-bloco-raparigas-do-bonfim-de-montes-claros","tag-bloco-raparigas-do-bonfim","tag-bloco-raparigas-do-bonfim-de-montes-claros","tag-bloco-raparigas-do-bonfim-em-montes-claros","tag-carnaval-2017-em-montes-claros","tag-carnaval-bloco-raparigas-do-bonfim","tag-carnaval-bloco-raparigas-do-bonfim-de-montes-claros","tag-carnaval-de-montes-claros-em-2017","tag-carnaval-de-rua-em-montes-claros","tag-carnaval-em-montes-claros","tag-elthomar-santoro","tag-ensaio-bloco-raparigas-do-bonfim","tag-montes-claros","tag-pre-carnaval-bloco-raparigas-do-bonfim","tag-pre-carnaval-bloco-raparigas-do-bonfim-de-montes-claros","tag-pre-carnaval-em-montes-claros","tag-raparigas-do-bonfim","tag-sao-joao-da-ponte"],"_links":{"self":[{"href":"https:\/\/aconteceunovale.com.br\/portal\/index.php?rest_route=\/wp\/v2\/posts\/108404","targetHints":{"allow":["GET"]}}],"collection":[{"href":"https:\/\/aconteceunovale.com.br\/portal\/index.php?rest_route=\/wp\/v2\/posts"}],"about":[{"href":"https:\/\/aconteceunovale.com.br\/portal\/index.php?rest_route=\/wp\/v2\/types\/post"}],"author":[{"embeddable":true,"href":"https:\/\/aconteceunovale.com.br\/portal\/index.php?rest_route=\/wp\/v2\/users\/1"}],"replies":[{"embeddable":true,"href":"https:\/\/aconteceunovale.com.br\/portal\/index.php?rest_route=%2Fwp%2Fv2%2Fcomments&post=108404"}],"version-history":[{"count":0,"href":"https:\/\/aconteceunovale.com.br\/portal\/index.php?rest_route=\/wp\/v2\/posts\/108404\/revisions"}],"wp:featuredmedia":[{"embeddable":true,"href":"https:\/\/aconteceunovale.com.br\/portal\/index.php?rest_route=\/wp\/v2\/media\/108405"}],"wp:attachment":[{"href":"https:\/\/aconteceunovale.com.br\/portal\/index.php?rest_route=%2Fwp%2Fv2%2Fmedia&parent=108404"}],"wp:term":[{"taxonomy":"category","embeddable":true,"href":"https:\/\/aconteceunovale.com.br\/portal\/index.php?rest_route=%2Fwp%2Fv2%2Fcategories&post=108404"},{"taxonomy":"post_tag","embeddable":true,"href":"https:\/\/aconteceunovale.com.br\/portal\/index.php?rest_route=%2Fwp%2Fv2%2Ftags&post=108404"}],"curies":[{"name":"wp","href":"https:\/\/api.w.org\/{rel}","templated":true}]}}