{"id":108399,"date":"2017-02-05T21:04:07","date_gmt":"2017-02-05T23:04:07","guid":{"rendered":"http:\/\/aconteceunovale.com.br\/portal\/?p=108399"},"modified":"2017-02-05T21:04:07","modified_gmt":"2017-02-05T23:04:07","slug":"carreta-com-produto-inflamavel-tomba-e-interdita-a-br-116-no-vale-do-rio-doce","status":"publish","type":"post","link":"https:\/\/aconteceunovale.com.br\/portal\/?p=108399","title":{"rendered":"Carreta com produto inflam\u00e1vel tomba e interdita a BR-116 no Vale do Rio Doce"},"content":{"rendered":"<p>Um acidente envolvendo uma carreta que transportava um produto altamente inflam\u00e1vel e t\u00f3xico mobilizou equipes da Pol\u00edcia Rodovi\u00e1ria Federal (PRF) e Corpo de Bombeiros na tarde deste domingo (5\/2\/2017) na BR-116, pr\u00f3ximo a Dom Cavati, na Regi\u00e3o do Vale do Rio Doce. O km 485 foi completamente interditado por conta do vazamento da subst\u00e2ncia.<\/p>\n<p>Segundo a PRF, o acidente ocorreu por volta das 14h. O ve\u00edculo saiu da pista e ficou  pendurado \u00e0s margens da rodovia. Segundo o Corpo de Bombeiros de Caratinga, a informa\u00e7\u00e3o \u00e9 de que o motorista se queixou de dor em uma das pernas e foi levado por populares para um hospital da regi\u00e3o. <\/p>\n<p>Conforme a pol\u00edcia, o produto que est\u00e1 no tanque da carreta \u00e9 o estireno mon\u00f4mero estabilizado, l\u00edquido altamente inflam\u00e1vel e asfixiante. Por causa disso, a \u00e1rea precisou ser isolada em um raio de 300 metros e os dois sentidos da rodovia foram fechados. A PRF informa que ser\u00e3o necess\u00e1rios dois dias para a retirada do material que vazou da carreta. <\/p>\n<p><em>&#8220;A PRF sugere que os usu\u00e1rios que estejam no sentido BA\/RJ, fa\u00e7am o desvio nos seguintes termos: em Governador Valadares, siga para Ipatinga pela BR-381, chegando l\u00e1 siga pela BR-458 (Iapu) at\u00e9 a BR-116. Quem estiver no sentido oposto, deve sair da BR-116 na altura do km 487 e seguir pela BR-458 at\u00e9 Ipatinga, de onde seguir\u00e1 pela BR-381 at\u00e9 Governador Valadares.&#8221;<\/em>, informa o policial Alessandro em mensagem compartilhada nas redes sociais.<\/p>\n<p>Uma equipe especializada na remo\u00e7\u00e3o do material inflam\u00e1vel vir\u00e1 da Bahia e, segundo os bombeiros, era aguardada no local at\u00e9 o in\u00edcio da noite. Ainda de acordo com o Corpo de Bombeiros de Caratinga, o vazamento \u00e9 pequeno, mas cont\u00ednuo, e h\u00e1 temor de que o produto contamine um c\u00f3rrego que fica pr\u00f3ximo.<\/p>\n<p><img decoding=\"async\" src=\"http:\/\/aconteceunovale.com.br\/portal\/wp-content\/uploads\/2017\/02\/acidente_inflamavel_1.jpg\" alt=\"\" \/><em>Carreta tombou pr\u00f3ximo a Dom Cavati (Foto: Divulga\u00e7\u00e3o\/PRF)<\/em><br \/>\n<\/br><\/p>\n<p><img decoding=\"async\" src=\"http:\/\/aconteceunovale.com.br\/portal\/wp-content\/uploads\/2017\/02\/acidente_inflamavel_2.jpg\" alt=\"\" \/><em>Carreta tombou pr\u00f3ximo a Dom Cavati (Foto: Divulga\u00e7\u00e3o\/PRF)<\/em><br \/>\n<\/br><\/p>\n<p><img decoding=\"async\" src=\"http:\/\/aconteceunovale.com.br\/portal\/wp-content\/uploads\/2017\/02\/acidente_inflamavel_3.jpg\" alt=\"\" \/><em>Carreta tombou pr\u00f3ximo a Dom Cavati (Foto: Divulga\u00e7\u00e3o\/PRF)<\/em><br \/>\n<\/br><\/p>\n<p><strong>VER PRIMEIRO<\/strong><\/p>\n<p><strong>Receba as not\u00edcias do Aconteceu no Vale em primeira m\u00e3o. Clique em curtir no endere\u00e7o <a href=\"https:\/\/www.facebook.com\/aconteceunovale\" target=\"_blank\"><font color=\"red\">www.facebook.com\/aconteceunovale<\/font><\/a> ou no box abaixo:<\/strong><\/p>\n<div class=\"fb-like\" data-href=\"https:\/\/www.facebook.com\/aconteceunovale\" data-width=\"120\" data-layout=\"standard\" data-action=\"like\" data-size=\"small\" data-show-faces=\"true\" data-share=\"true\"><\/div>\n<p><\/br><\/p>\n<p><em>(Com informa\u00e7\u00f5es do Estado de Minas e PRF)<\/em><\/p>\n","protected":false},"excerpt":{"rendered":"<p>Um acidente envolvendo uma carreta que transportava um produto altamente inflam\u00e1vel e t\u00f3xico mobilizou equipes da Pol\u00edcia Rodovi\u00e1ria Federal (PRF) e Corpo de Bombeiros na tarde deste domingo (5\/2\/2017) na BR-116, pr\u00f3ximo a Dom Cavati, na Regi\u00e3o do Vale do Rio Doce. O km 485 foi completamente interditado por conta do vazamento da subst\u00e2ncia. Segundo [&hellip;]<\/p>\n","protected":false},"author":1,"featured_media":108400,"comment_status":"open","ping_status":"closed","sticky":false,"template":"","format":"standard","meta":{"amp_status":"","footnotes":""},"categories":[121],"tags":[138557,138560,138558,138561,125940,138556,74875,182,138552,237,138554,138553,138555,1018,1328,138559,74874,201],"class_list":["post-108399","post","type-post","status-publish","format-standard","has-post-thumbnail","hentry","category-leste","tag-acidente-alp-transportes","tag-acidente-com-carreta-carregada-de-estireno-monomero-estabilizado","tag-acidente-com-carreta-da-alp-transportes","tag-acidente-com-carreta-de-estireno-monomero-estabilizado","tag-acidente-com-carreta-na-br-116","tag-alp-transportes","tag-bloqueio-da-br-116","tag-br-116","tag-br-116-e-interditada-no-vale-do-rio-doce-apos-acidente-com-carreta-carregada-com-produto-inflamavel","tag-caratinga","tag-carreta-com-produto-inflamavel-tomba-e-interdita-a-br-116-em-dom-cavati","tag-carreta-com-produto-inflamavel-tomba-e-interdita-a-br-116-no-vale-do-rio-doce","tag-corpo-de-bombeiros-de-caratinga","tag-destaque","tag-dom-cavati","tag-estireno-monomero-estabilizado","tag-interdicao-da-br-116","tag-ipatinga"],"_links":{"self":[{"href":"https:\/\/aconteceunovale.com.br\/portal\/index.php?rest_route=\/wp\/v2\/posts\/108399","targetHints":{"allow":["GET"]}}],"collection":[{"href":"https:\/\/aconteceunovale.com.br\/portal\/index.php?rest_route=\/wp\/v2\/posts"}],"about":[{"href":"https:\/\/aconteceunovale.com.br\/portal\/index.php?rest_route=\/wp\/v2\/types\/post"}],"author":[{"embeddable":true,"href":"https:\/\/aconteceunovale.com.br\/portal\/index.php?rest_route=\/wp\/v2\/users\/1"}],"replies":[{"embeddable":true,"href":"https:\/\/aconteceunovale.com.br\/portal\/index.php?rest_route=%2Fwp%2Fv2%2Fcomments&post=108399"}],"version-history":[{"count":0,"href":"https:\/\/aconteceunovale.com.br\/portal\/index.php?rest_route=\/wp\/v2\/posts\/108399\/revisions"}],"wp:featuredmedia":[{"embeddable":true,"href":"https:\/\/aconteceunovale.com.br\/portal\/index.php?rest_route=\/wp\/v2\/media\/108400"}],"wp:attachment":[{"href":"https:\/\/aconteceunovale.com.br\/portal\/index.php?rest_route=%2Fwp%2Fv2%2Fmedia&parent=108399"}],"wp:term":[{"taxonomy":"category","embeddable":true,"href":"https:\/\/aconteceunovale.com.br\/portal\/index.php?rest_route=%2Fwp%2Fv2%2Fcategories&post=108399"},{"taxonomy":"post_tag","embeddable":true,"href":"https:\/\/aconteceunovale.com.br\/portal\/index.php?rest_route=%2Fwp%2Fv2%2Ftags&post=108399"}],"curies":[{"name":"wp","href":"https:\/\/api.w.org\/{rel}","templated":true}]}}