{"id":108396,"date":"2017-02-05T20:33:18","date_gmt":"2017-02-05T22:33:18","guid":{"rendered":"http:\/\/aconteceunovale.com.br\/portal\/?p=108396"},"modified":"2017-02-05T20:33:18","modified_gmt":"2017-02-05T22:33:18","slug":"uberlandia-vence-o-democrata-de-governador-valadares-no-parque-do-sabia","status":"publish","type":"post","link":"https:\/\/aconteceunovale.com.br\/portal\/?p=108396","title":{"rendered":"Uberl\u00e2ndia vence o Democrata de Governador Valadares no Parque do Sabi\u00e1"},"content":{"rendered":"<p>O Uberl\u00e2ndia venceu o Democrata de Governador Valadares, na tarde deste domingo (5\/2\/2017), no Parque do Sabi\u00e1, em jogo v\u00e1lido pela segunda rodada do Campeonato Mineiro. A equipe do Tri\u00e2ngulo pressionou desde o in\u00edcio da partida e apesar de perder muitos gols, fechou o placar em 2 a 0. No primeiro, Mauro Viana subiu mais que todo mundo para fazer de cabe\u00e7a. O segundo, Reinaldo Alagoano, de p\u00eanalti, que dedicou o gol ao filho, que enfrentou problemas de sa\u00fade durante a semana.<\/p>\n<p>Com o resultado, o UEC segue 100% no Campeonato Mineiro, subiu uma posi\u00e7\u00e3o e assumiu a vice-lideran\u00e7a da competi\u00e7\u00e3o com seis pontos. A Pantera perde a segunda e aparece em \u00faltimo. O Uberl\u00e2ndia entra em campo no pr\u00f3ximo domingo contra o Atl\u00e9tico-MG, no Horto. A partida est\u00e1 marcada para as 17h. J\u00e1 o Democrata vai a Patos de Minas, onde enfrenta a URT.<\/p>\n<p><img decoding=\"async\" src=\"http:\/\/aconteceunovale.com.br\/portal\/wp-content\/uploads\/2017\/02\/uberlandia_democrata.jpg\" alt=\"\" \/><em>Uberl\u00e2ndia vence Democrata no Parque do Sabi\u00e1 (Foto: Lucas Papel\/GloboEsporte.com)<\/em><br \/>\n<\/br><\/p>\n<p><strong>O jogo<\/strong><\/p>\n<p>O Uberl\u00e2ndia fez valer o status de mandante e sufocou o Democrata GV nos primeiros minutos de jogo. Logo aos tr\u00eas minutos, Reinaldo Alagoano recebeu lan\u00e7amento e ficou cara a cara com Luiz Fernando. O atacante bateu por baixo e o goleiro pegou. O atacante teve outra boa chance antes dos 10 minutos, mas escorregou na grama molhada na hora do arremate. O UEC pressionava, n\u00e3o fazia, e o Democrata come\u00e7ou a gostar do jogo. A Pantera tentava surpreender nos contra-ataques e na bola parada. No fim do primeiro tempo o Uberl\u00e2ndia voltou a pressionar, mas o primeiro tempo terminou em 0 a 0.<\/p>\n<p>O Uberl\u00e2ndia precisou de um minuto para mostrar que queria resolver a parada. Wellington Reis cortou finaliza\u00e7\u00e3o de Vagner em cima da linha e mandou para escanteio. Mas o Democrata avisou que n\u00e3o estava morto e chegou a balan\u00e7ar a rede do Uberl\u00e2ndia com Oliveira, mas a arbitragem marcou falta do atacante. O UEC tomou conta do jogo, mas perdia muitas chances. Teve que ser a bola parada para resolver para o UEC. Primeiro com Mauro Viana. O zagueiro subiu sozinho para cabecear firme cruzamento de Marco Goiano e abrir o placar. O Uberl\u00e2ndia insistia e de novo a bola parada. Desta vez de p\u00eanalti, marcado pelo bandeira que viu m\u00e3o do defensor do Democrata. Reinaldo Alagoano bateu bem e fechou o placar em 2 a 0 para o Uberl\u00e2ndia.<\/p>\n<p><strong>VER PRIMEIRO<\/strong><\/p>\n<p><strong>Receba as not\u00edcias do Aconteceu no Vale em primeira m\u00e3o. Clique em curtir no endere\u00e7o <a href=\"https:\/\/www.facebook.com\/aconteceunovale\" target=\"_blank\"><font color=\"red\">www.facebook.com\/aconteceunovale<\/font><\/a> ou no box abaixo:<\/strong><\/p>\n<div class=\"fb-like\" data-href=\"https:\/\/www.facebook.com\/aconteceunovale\" data-width=\"120\" data-layout=\"standard\" data-action=\"like\" data-size=\"small\" data-show-faces=\"true\" data-share=\"true\"><\/div>\n<p><\/br><\/p>\n<p><em>(Fonte: Globo Esporte)<\/em><\/p>\n","protected":false},"excerpt":{"rendered":"<p>O Uberl\u00e2ndia venceu o Democrata de Governador Valadares, na tarde deste domingo (5\/2\/2017), no Parque do Sabi\u00e1, em jogo v\u00e1lido pela segunda rodada do Campeonato Mineiro. A equipe do Tri\u00e2ngulo pressionou desde o in\u00edcio da partida e apesar de perder muitos gols, fechou o placar em 2 a 0. No primeiro, Mauro Viana subiu mais [&hellip;]<\/p>\n","protected":false},"author":1,"featured_media":108397,"comment_status":"open","ping_status":"closed","sticky":false,"template":"","format":"standard","meta":{"amp_status":"","footnotes":""},"categories":[59],"tags":[4404,130282,4376,4369,77422,247,5324,40581,138546,138531,221,138551,44392],"class_list":["post-108396","post","type-post","status-publish","format-standard","has-post-thumbnail","hentry","category-sports","tag-campeonato-mineiro","tag-campeonato-mineiro-2017","tag-democrata","tag-democrata-de-governador-valadares","tag-democrata-gv","tag-governador-valadares","tag-pantera","tag-pantera-de-governador-valadares","tag-segunda-rodada-do-campeonato-mineiro","tag-segunda-rodada-do-campeonato-mineiro-2017","tag-uberlandia","tag-uec","tag-verdao"],"_links":{"self":[{"href":"https:\/\/aconteceunovale.com.br\/portal\/index.php?rest_route=\/wp\/v2\/posts\/108396","targetHints":{"allow":["GET"]}}],"collection":[{"href":"https:\/\/aconteceunovale.com.br\/portal\/index.php?rest_route=\/wp\/v2\/posts"}],"about":[{"href":"https:\/\/aconteceunovale.com.br\/portal\/index.php?rest_route=\/wp\/v2\/types\/post"}],"author":[{"embeddable":true,"href":"https:\/\/aconteceunovale.com.br\/portal\/index.php?rest_route=\/wp\/v2\/users\/1"}],"replies":[{"embeddable":true,"href":"https:\/\/aconteceunovale.com.br\/portal\/index.php?rest_route=%2Fwp%2Fv2%2Fcomments&post=108396"}],"version-history":[{"count":0,"href":"https:\/\/aconteceunovale.com.br\/portal\/index.php?rest_route=\/wp\/v2\/posts\/108396\/revisions"}],"wp:featuredmedia":[{"embeddable":true,"href":"https:\/\/aconteceunovale.com.br\/portal\/index.php?rest_route=\/wp\/v2\/media\/108397"}],"wp:attachment":[{"href":"https:\/\/aconteceunovale.com.br\/portal\/index.php?rest_route=%2Fwp%2Fv2%2Fmedia&parent=108396"}],"wp:term":[{"taxonomy":"category","embeddable":true,"href":"https:\/\/aconteceunovale.com.br\/portal\/index.php?rest_route=%2Fwp%2Fv2%2Fcategories&post=108396"},{"taxonomy":"post_tag","embeddable":true,"href":"https:\/\/aconteceunovale.com.br\/portal\/index.php?rest_route=%2Fwp%2Fv2%2Ftags&post=108396"}],"curies":[{"name":"wp","href":"https:\/\/api.w.org\/{rel}","templated":true}]}}