{"id":108382,"date":"2017-02-05T20:02:57","date_gmt":"2017-02-05T22:02:57","guid":{"rendered":"http:\/\/aconteceunovale.com.br\/portal\/?p=108382"},"modified":"2017-02-05T20:02:57","modified_gmt":"2017-02-05T22:02:57","slug":"homem-morre-apos-ser-baleado-em-hotel-de-teofilo-otoni","status":"publish","type":"post","link":"https:\/\/aconteceunovale.com.br\/portal\/?p=108382","title":{"rendered":"Homem morre ap\u00f3s ser baleado em hotel de Te\u00f3filo Otoni"},"content":{"rendered":"<p>Um homem de 31 anos foi morto a tiros na manh\u00e3 deste domingo, 5 de fevereiro de 2017, em Te\u00f3filo Otoni, no Vale do Mucuri. De acordo com a Pol\u00edcia Militar (PM), Cristiano Ferreira de Souza, conhecido como Quita, estava na garagem de um hotel na Rua Alexandre Mattar, no bairro Marajoara, quando foi surpreendido por indiv\u00edduos armados, que tamb\u00e9m estavam hospedados no local.<\/p>\n<p>A v\u00edtima foi socorrida por uma equipe do Corpo de Bombeiros e encaminhada para o Hospital Santa Ros\u00e1lia, mas n\u00e3o resistiu aos ferimentos e veio a \u00f3bito. Os autores do crime fugiram em uma motocicleta de cor preta e ainda n\u00e3o foram localizados.<\/p>\n<p>Ainda segundo a PM, Cristiano Ferreira, oriundo do Bairro Manoel Pimenta, em Te\u00f3filo Otoni, era um dos l\u00edderes do tr\u00e1fico de drogas naquela localidade. Os militares tamb\u00e9m informaram que a v\u00edtima estava em livramento condicional e tinha cinco inqu\u00e9ritos em seu desfavor, sendo um por crime de homic\u00eddio e quatro por envolvimento com o tr\u00e1fico. O homem havia sido liberado do sistema prisional em janeiro de 2014.<\/p>\n<p>O crime ser\u00e1 investigado pela Pol\u00edcia Civil. A Per\u00edcia T\u00e9cnica compareceu ao local e recolheu 19 c\u00e1psulas de calibre 9mm e 9 fragmentos de projetis. O ve\u00edculo da v\u00edtima, uma Toyota Hilux CD 4&#215;4, placa de Belo Horizonte, foi apreendido e encaminhado para o p\u00e1tio credenciado com diversas perfura\u00e7\u00f5es nos vidros e lataria.<\/p>\n<p><img decoding=\"async\" src=\"http:\/\/aconteceunovale.com.br\/portal\/wp-content\/uploads\/2017\/02\/baleado_hotel_teofilo_otoni_1.jpg\" alt=\"\" \/><em>Homem foi baleado na garagem do hotel (Foto: Reprodu\u00e7\u00e3o\/WhatsApp)<\/em><br \/>\n<\/br><\/p>\n<p><img decoding=\"async\" src=\"http:\/\/aconteceunovale.com.br\/portal\/wp-content\/uploads\/2017\/02\/baleado_hotel_teofilo_otoni_2.jpg\" alt=\"\" \/><em>Homem foi baleado na garagem do hotel (Foto: Reprodu\u00e7\u00e3o\/WhatsApp)<\/em><br \/>\n<\/br><\/p>\n<p><img decoding=\"async\" src=\"http:\/\/aconteceunovale.com.br\/portal\/wp-content\/uploads\/2017\/02\/baleado_hotel_teofilo_otoni_3.jpg\" alt=\"\" \/><em>Homem foi baleado na garagem do hotel (Foto: Reprodu\u00e7\u00e3o\/WhatsApp)<\/em><br \/>\n<\/br><\/p>\n<p><img decoding=\"async\" src=\"http:\/\/aconteceunovale.com.br\/portal\/wp-content\/uploads\/2017\/02\/baleado_hotel_teofilo_otoni_4.jpg\" alt=\"\" \/><em>Homem foi baleado na garagem do hotel (Foto: Reprodu\u00e7\u00e3o\/WhatsApp)<\/em><br \/>\n<\/br><\/p>\n<p><img decoding=\"async\" src=\"http:\/\/aconteceunovale.com.br\/portal\/wp-content\/uploads\/2017\/02\/baleado_hotel_teofilo_otoni_5.jpg\" alt=\"\" \/><em>Homem foi baleado na garagem do hotel (Foto: Reprodu\u00e7\u00e3o\/WhatsApp)<\/em><br \/>\n<\/br><\/p>\n<p><strong>VER PRIMEIRO<\/strong><\/p>\n<p><strong>Receba as not\u00edcias do Aconteceu no Vale em primeira m\u00e3o. Clique em curtir no endere\u00e7o <a href=\"https:\/\/www.facebook.com\/aconteceunovale\" target=\"_blank\"><font color=\"red\">www.facebook.com\/aconteceunovale<\/font><\/a> ou no box abaixo:<\/strong><\/p>\n<div class=\"fb-like\" data-href=\"https:\/\/www.facebook.com\/aconteceunovale\" data-width=\"120\" data-layout=\"standard\" data-action=\"like\" data-size=\"small\" data-show-faces=\"true\" data-share=\"true\"><\/div>\n<p><\/br><\/p>\n","protected":false},"excerpt":{"rendered":"<p>Um homem de 31 anos foi morto a tiros na manh\u00e3 deste domingo, 5 de fevereiro de 2017, em Te\u00f3filo Otoni, no Vale do Mucuri. De acordo com a Pol\u00edcia Militar (PM), Cristiano Ferreira de Souza, conhecido como Quita, estava na garagem de um hotel na Rua Alexandre Mattar, no bairro Marajoara, quando foi surpreendido [&hellip;]<\/p>\n","protected":false},"author":1,"featured_media":108384,"comment_status":"open","ping_status":"closed","sticky":false,"template":"","format":"standard","meta":{"amp_status":"","footnotes":""},"categories":[122],"tags":[138541,29509,138537,138540,44450,138536,194,1017,130093,1018,138533,138539,19571,138535,138542,138543,138538,38505,138534,138544,164],"class_list":["post-108382","post","type-post","status-publish","format-standard","has-post-thumbnail","hentry","category-mucuri","tag-assassinato-em-hotel-de-teofilo-otoni","tag-assassinato-em-teofilo-otoni","tag-assassinato-no-hotel-real-em-teofilo-otoni","tag-baleado-em-hotel-de-teofilo-otoni","tag-baleado-em-teofilo-otoni","tag-baleado-no-hotel-real-em-teofilo-otoni","tag-belo-horizonte","tag-bh","tag-cristiano-ferreira-de-souza","tag-destaque","tag-homem-morre-apos-ser-baleado-em-hotel-de-teofilo-otoni","tag-homicidio-em-hotel-de-teofilo-otoni","tag-homicidio-em-teofilo-otoni","tag-homicidio-no-hotel-real-em-teofilo-otoni","tag-hotel-real","tag-hotel-real-de-teofilo-otoni","tag-morto-em-hotel-de-teofilo-otoni","tag-morto-em-teofilo-otoni","tag-morto-no-hotel-real-em-teofilo-otoni","tag-quita","tag-teofilo-otoni"],"_links":{"self":[{"href":"https:\/\/aconteceunovale.com.br\/portal\/index.php?rest_route=\/wp\/v2\/posts\/108382","targetHints":{"allow":["GET"]}}],"collection":[{"href":"https:\/\/aconteceunovale.com.br\/portal\/index.php?rest_route=\/wp\/v2\/posts"}],"about":[{"href":"https:\/\/aconteceunovale.com.br\/portal\/index.php?rest_route=\/wp\/v2\/types\/post"}],"author":[{"embeddable":true,"href":"https:\/\/aconteceunovale.com.br\/portal\/index.php?rest_route=\/wp\/v2\/users\/1"}],"replies":[{"embeddable":true,"href":"https:\/\/aconteceunovale.com.br\/portal\/index.php?rest_route=%2Fwp%2Fv2%2Fcomments&post=108382"}],"version-history":[{"count":0,"href":"https:\/\/aconteceunovale.com.br\/portal\/index.php?rest_route=\/wp\/v2\/posts\/108382\/revisions"}],"wp:featuredmedia":[{"embeddable":true,"href":"https:\/\/aconteceunovale.com.br\/portal\/index.php?rest_route=\/wp\/v2\/media\/108384"}],"wp:attachment":[{"href":"https:\/\/aconteceunovale.com.br\/portal\/index.php?rest_route=%2Fwp%2Fv2%2Fmedia&parent=108382"}],"wp:term":[{"taxonomy":"category","embeddable":true,"href":"https:\/\/aconteceunovale.com.br\/portal\/index.php?rest_route=%2Fwp%2Fv2%2Fcategories&post=108382"},{"taxonomy":"post_tag","embeddable":true,"href":"https:\/\/aconteceunovale.com.br\/portal\/index.php?rest_route=%2Fwp%2Fv2%2Ftags&post=108382"}],"curies":[{"name":"wp","href":"https:\/\/api.w.org\/{rel}","templated":true}]}}