{"id":108372,"date":"2017-02-05T18:38:09","date_gmt":"2017-02-05T20:38:09","guid":{"rendered":"http:\/\/aconteceunovale.com.br\/portal\/?p=108372"},"modified":"2017-02-05T18:38:09","modified_gmt":"2017-02-05T20:38:09","slug":"valadarense-kaio-fernandes-canta-fogao-de-lenha-e-conquista-carlinhos-brown-no-the-voice-kids","status":"publish","type":"post","link":"https:\/\/aconteceunovale.com.br\/portal\/?p=108372","title":{"rendered":"Valadarense Kaio Fernandes canta &#8216;Fog\u00e3o de lenha&#8217; e conquista Carlinhos Brown no The Voice Kids"},"content":{"rendered":"<p><em>\u201cUm menino que gosta de viver a m\u00fasica, que sempre vai continuar amando a m\u00fasica.\u201d<\/em> Este \u00e9 o lema do valadarense Kaio Fernandes, de 11 anos, aprovado na tarde deste domingo (5\/2\/2017) no quinto dia de audi\u00e7\u00f5es \u00e0s cegas do programa \u201cThe Voice Kids\u201d da TV Globo. Ele interpretou o cl\u00e1ssico \u201cFog\u00e3o de lenha\u201d, emocionou a plateia e foi escolhido por Carlinhos Brown para compor seu time.<\/p>\n<p>Kaio disse durante o programa que gosta de viver a m\u00fasica e ama sertanejo. <em>\u201cO ritmo \u00e9 xonado e eu sou xonado\u201d<\/em>, explicou o menino de Governador Valadares, no Vale do Rio Doce. Ele disse que a inspira\u00e7\u00e3o para cantar o sucesso consagrado nas vozes de Chit\u00e3ozinho &amp; Xoror\u00f3 veio dos pais. O valadarense aproveitou a oportunidade e fez uma amorosa homenagem \u00e0 m\u00e3e Ang\u00e9lica, que ficou em casa assistindo a apresenta\u00e7\u00e3o pela TV.<\/p>\n<p><em>\u201cInicialmente houve um nervosismo, mas n\u00e3o interferiu na capacidade de interpretar\u201d<\/em>, opinou o t\u00e9cnico. <em>\u201cEsse Kaio n\u00e3o caiu aqui atoa. O cara \u00e9 bom e a\u00ed n\u00e3o tive jeito, fui l\u00e1 e bati o bot\u00e3o.\u201d<\/em>, elogiou Brown.<\/p>\n<p>Para comemorar, Kaio at\u00e9 fez uma dancinha cheia de estilo no palco, que segundo ele foi uma professa feita ao pai Ada\u00edlson Ribeiro Fernandes. <span style=\"color: #ff0000;\"><a href=\"http:\/\/gshow.globo.com\/tv\/noticia\/kaio-fernandes-aposta-em-sertanejo-xonado-e-brown-vira-a-cadeira.ghtml\" target=\"_blank\"><span style=\"color: #ff0000;\">Perdeu a apresenta\u00e7\u00e3o? Clique aqui e confira<\/span><\/a><\/span>.<\/p>\n<p><img decoding=\"async\" src=\"http:\/\/aconteceunovale.com.br\/portal\/wp-content\/uploads\/2017\/02\/kaio_fernandes_1.jpg\" alt=\"\" \/><em>Kaio Fernandes garante vaga no time Brown (Foto: Isabella Pinheiro\/Gshow)<\/em><br \/>\n<\/br><\/p>\n<p><img decoding=\"async\" src=\"http:\/\/aconteceunovale.com.br\/portal\/wp-content\/uploads\/2017\/02\/kaio_fernandes_2.jpg\" alt=\"\" \/><em>Kaio Fernandes colocou jurados para dan\u00e7ar (Foto: Isabella Pinheiro\/Gshow)<\/em><br \/>\n<\/br><\/p>\n<p><strong>VER PRIMEIRO<\/strong><\/p>\n<p><strong>Receba as not\u00edcias do Aconteceu no Vale em primeira m\u00e3o. Clique em curtir no endere\u00e7o <a href=\"https:\/\/www.facebook.com\/aconteceunovale\" target=\"_blank\"><font color=\"red\">www.facebook.com\/aconteceunovale<\/font><\/a> ou no box abaixo:<\/strong><\/p>\n<div class=\"fb-like\" data-href=\"https:\/\/www.facebook.com\/aconteceunovale\" data-width=\"120\" data-layout=\"standard\" data-action=\"like\" data-size=\"small\" data-show-faces=\"true\" data-share=\"true\"><\/div>\n<p><\/br><\/p>\n","protected":false},"excerpt":{"rendered":"<p>\u201cUm menino que gosta de viver a m\u00fasica, que sempre vai continuar amando a m\u00fasica.\u201d Este \u00e9 o lema do valadarense Kaio Fernandes, de 11 anos, aprovado na tarde deste domingo (5\/2\/2017) no quinto dia de audi\u00e7\u00f5es \u00e0s cegas do programa \u201cThe Voice Kids\u201d da TV Globo. Ele interpretou o cl\u00e1ssico \u201cFog\u00e3o de lenha\u201d, emocionou [&hellip;]<\/p>\n","protected":false},"author":1,"featured_media":108373,"comment_status":"open","ping_status":"closed","sticky":false,"template":"","format":"standard","meta":{"amp_status":"","footnotes":""},"categories":[6,125,121],"tags":[138525,138522,1018,138521,138524,247,138518,138526,138520,138529,138528,138519,138523,136903,138527,138516,138517],"class_list":{"0":"post-108372","1":"post","2":"type-post","3":"status-publish","4":"format-standard","5":"has-post-thumbnail","6":"hentry","7":"category-br","8":"category-noticias","9":"category-leste","10":"tag-cantor-de-governador-valadares-no-the-voice-kids","12":"tag-destaque","13":"tag-fogao-de-lenha-kaio-fernandes","14":"tag-garoto-de-governador-valadares-no-the-voice-kids","15":"tag-governador-valadares","16":"tag-governador-valadares-no-the-voice-kids","17":"tag-kaio-fernandes","18":"tag-kaio-fernandes-canta-fogao-de-lenha","21":"tag-kaio-fernandes-the-voice-kids","22":"tag-menino-de-governador-valadares-no-the-voice-kids","23":"tag-the-voice-kids","24":"tag-valadarense-kaio-fernandes","26":"tag-valadarense-no-the-voice-kids"},"_links":{"self":[{"href":"https:\/\/aconteceunovale.com.br\/portal\/index.php?rest_route=\/wp\/v2\/posts\/108372","targetHints":{"allow":["GET"]}}],"collection":[{"href":"https:\/\/aconteceunovale.com.br\/portal\/index.php?rest_route=\/wp\/v2\/posts"}],"about":[{"href":"https:\/\/aconteceunovale.com.br\/portal\/index.php?rest_route=\/wp\/v2\/types\/post"}],"author":[{"embeddable":true,"href":"https:\/\/aconteceunovale.com.br\/portal\/index.php?rest_route=\/wp\/v2\/users\/1"}],"replies":[{"embeddable":true,"href":"https:\/\/aconteceunovale.com.br\/portal\/index.php?rest_route=%2Fwp%2Fv2%2Fcomments&post=108372"}],"version-history":[{"count":0,"href":"https:\/\/aconteceunovale.com.br\/portal\/index.php?rest_route=\/wp\/v2\/posts\/108372\/revisions"}],"wp:featuredmedia":[{"embeddable":true,"href":"https:\/\/aconteceunovale.com.br\/portal\/index.php?rest_route=\/wp\/v2\/media\/108373"}],"wp:attachment":[{"href":"https:\/\/aconteceunovale.com.br\/portal\/index.php?rest_route=%2Fwp%2Fv2%2Fmedia&parent=108372"}],"wp:term":[{"taxonomy":"category","embeddable":true,"href":"https:\/\/aconteceunovale.com.br\/portal\/index.php?rest_route=%2Fwp%2Fv2%2Fcategories&post=108372"},{"taxonomy":"post_tag","embeddable":true,"href":"https:\/\/aconteceunovale.com.br\/portal\/index.php?rest_route=%2Fwp%2Fv2%2Ftags&post=108372"}],"curies":[{"name":"wp","href":"https:\/\/api.w.org\/{rel}","templated":true}]}}