{"id":108360,"date":"2017-02-05T10:46:28","date_gmt":"2017-02-05T12:46:28","guid":{"rendered":"http:\/\/aconteceunovale.com.br\/portal\/?p=108360"},"modified":"2017-02-05T10:46:28","modified_gmt":"2017-02-05T12:46:28","slug":"oito-orgaos-publicos-abrem-inscricoes-para-mais-de-200-vagas-nesta-semana","status":"publish","type":"post","link":"https:\/\/aconteceunovale.com.br\/portal\/?p=108360","title":{"rendered":"Oito \u00f3rg\u00e3os p\u00fablicos abrem inscri\u00e7\u00f5es para mais de 200 vagas nesta semana"},"content":{"rendered":"<p>Pelo menos oito \u00f3rg\u00e3os abrem inscri\u00e7\u00f5es de concursos p\u00fablicos, nesta semana, para mais de 200 vagas e forma\u00e7\u00e3o de cadastro de reserva em cargos de n\u00edveis fundamental, m\u00e9dio e superior. Os sal\u00e1rios chegam a R$ 14.294,12 na Defensoria P\u00fablica do Paran\u00e1.<\/p>\n<p>Nos concursos para forma\u00e7\u00e3o de cadastro de reserva, os candidatos aprovados s\u00e3o chamados conforme a abertura de vagas durante a validade do concurso. Confira as oportunidades abaixo abaixo:<\/p>\n<p><strong>Dia 6 de fevereiro<\/strong><\/p>\n<p><strong>Conselho Regional de Farm\u00e1cia de Minas Gerais: <\/strong>O Conselho Regional de Farm\u00e1cia de Minas Gerais divulgou edital de concurso p\u00fablico para 3 vagas e forma\u00e7\u00e3o de cadastro de reserva em cargos de n\u00edveis m\u00e9dio e superior. Os sal\u00e1rios v\u00e3o de R$ 1.551,07 a R$ 5.378,29. Os candidatos podem se inscrever de 6 de fevereiro a 23 de mar\u00e7o pelo site www.ckmservicos.com.br. As provas objetiva e de reda\u00e7\u00e3o est\u00e3o previstas para o dia 7 de maio\u00a0<span style=\"color: #ff0000;\"><a href=\"http:\/\/ckmservicos.proseleta.com.br\/informacoes\/6\/\" target=\"_blank\" rel=\"noopener nofollow\"><span style=\"color: #ff0000;\">(veja o edital no site da organizadora).<\/span><\/a><\/span><\/p>\n<p><strong>Defensoria P\u00fablica do Paran\u00e1: <\/strong>A Defensoria P\u00fablica do Paran\u00e1 vai abrir concurso para 13 vagas de defensor p\u00fablico. O sal\u00e1rio \u00e9 de R$ 14.294,12. As inscri\u00e7\u00f5es estar\u00e3o abertas de 6 de fevereiro a 7 de mar\u00e7o pelo site www.concursosfcc.com.br. A sele\u00e7\u00e3o ser\u00e1 feita por meio de prova objetiva, dissertativa e oral. O concurso ter\u00e1 validade de 1 ano e poder\u00e1 ser prorrogado pelo mesmo per\u00edodo\u00a0<span style=\"color: #ff0000;\"><a href=\"http:\/\/www.concursosfcc.com.br\/concursos\/dpepr116\/index.html\" target=\"_blank\" rel=\"noopener nofollow\"><span style=\"color: #ff0000;\">(veja o edital no site da organizadora).<\/span><\/a><\/span><\/p>\n<p><strong>Prefeitura de Ara\u00e7a\u00ed (MG): <\/strong>A Prefeitura de Ara\u00e7a\u00ed (MG) far\u00e1 concurso p\u00fablico para 90 vagas em cargos de n\u00edveis fundamental, m\u00e9dio e superior. Os sal\u00e1rios v\u00e3o de R$ 880 a R$ 3.889,95. As inscri\u00e7\u00f5es podem ser feitas de 6 de fevereiro a 14 de mar\u00e7o pelo site www.examesconsultores.com.br. A prova objetiva ser\u00e1 aplicada na data prov\u00e1vel de 16 de abril\u00a0<span style=\"color: #ff0000;\"><a href=\"https:\/\/www.gestaodeconcursos.com.br\/site\/site\/DetalheConcurso.aspx?CodigoConcurso=1164\" target=\"_blank\" rel=\"noopener nofollow\"><span style=\"color: #ff0000;\">(veja o edital no site da organizadora).<\/span><\/a><\/span><\/p>\n<p><strong>Prefeitura de Manacapuru (AM): <\/strong>A Prefeitura de Manacapuru (AM) divulgou edital de dois processos seletivos para 46 vagas em cargos de n\u00edveis fundamental e m\u00e9dio. Os sal\u00e1rios v\u00e3o de R$ 937 a R$ 1.200. As inscri\u00e7\u00f5es estar\u00e3o abertas de 6 a 11 de fevereiro na sede do Gr\u00eamio Recreativo dos Cabos e Soldados, localizada na Rua Etelvina Gadelha, 1.017. A sele\u00e7\u00e3o ser\u00e1 feita por meio de an\u00e1lise de curr\u00edculos\u00a0<span style=\"color: #ff0000;\"><a href=\"http:\/\/www.diariomunicipal.com.br\/aam\/\" target=\"_blank\" rel=\"noopener nofollow\"><span style=\"color: #ff0000;\">(veja o edital no site do Di\u00e1rio Oficial dos Munic\u00edpios do Amazonas \u2013 na edi\u00e7\u00e3o de 31 de janeiro, a partir da p\u00e1gina 86).<\/span><\/a><\/span><\/p>\n<p><strong>Prefeitura de Moema (MG): <\/strong>A Prefeitura de Moema (MG) vai abrir concurso p\u00fablico para 49 vagas em cargos de todos os n\u00edveis de escolaridade. As remunera\u00e7\u00f5es v\u00e3o de R$ 880 a R$ 6.600. As inscri\u00e7\u00f5es podem ser feitas pelo site www.exameconsultores.com.br de 6 de fevereiro a 7 de mar\u00e7o. A prova objetiva est\u00e1 prevista para o dia 2 de abril\u00a0<span style=\"color: #ff0000;\"><a href=\"http:\/\/exameconsultores.com.br\/v3\/concurso\/331\" target=\"_blank\" rel=\"noopener nofollow\"><span style=\"color: #ff0000;\">(veja o edital no site da organizadora).<\/span><\/a><\/span><\/p>\n<p><strong>Universidade Federal de Santa Catarina (UFSC): <\/strong>A Universidade Federal de Santa Catarina (UFSC) divulgou edital de processo seletivo para 9 vagas de professor tempor\u00e1rio. A remunera\u00e7\u00e3o varia de R$ 2,7 mil a R$ 5,6mil, de acordo com a carga hor\u00e1ria. As inscri\u00e7\u00f5es podem ser feitas entre os dias 6 e 10 de fevereiro nas secretarias dos departamentos na UFSC, das 7h30 \u00e0s 13h. A data da prova ainda ser\u00e1 divulgada\u00a0<span style=\"color: #ff0000;\"><a href=\"http:\/\/noticias.ufsc.br\/files\/2017\/02\/edital-07.pdf\" target=\"_blank\" rel=\"noopener nofollow\"><span style=\"color: #ff0000;\">(veja o edital no site da organizadora).<\/span><\/a><\/span><\/p>\n<p><strong>Dia 9 de fevereiro<\/strong><\/p>\n<p><strong>Conselho Regional de Biologia da 1\u00aa Regi\u00e3o: <\/strong>O Conselho Regional de Biologia da 1\u00aa Regi\u00e3o, que abrange os estados de S\u00e3o Paulo, Mato Grosso e Mato Grosso do Sul, divulgou edital de concurso p\u00fablico para 9 vagas em cargos de n\u00edveis m\u00e9dio e superior. Os sal\u00e1rios s\u00e3o de R$ 3.292,15 e R$ 6.625,21, respectivamente. As inscri\u00e7\u00f5es estar\u00e3o abertas de 9 de fevereiro a 17 de mar\u00e7o pelo site www.vunesp.com.br. A prova est\u00e1 prevista para o dia 30 de abril\u00a0<span style=\"color: #ff0000;\"><a href=\"https:\/\/www.vunesp.com.br\/CRBI1601\" target=\"_blank\" rel=\"noopener nofollow\"><span style=\"color: #ff0000;\">(veja o edital no site da organizadora).<\/span><\/a><\/span><\/p>\n<p><strong>Conselho Regional de Nutricionistas da 5\u00aa Regi\u00e3o: <\/strong>O Conselho Regional de Nutricionistas da 5\u00aa Regi\u00e3o, que abrange os estados da Bahia e Sergipe, vai abrir concurso para 8 vagas em cargos de n\u00edveis m\u00e9dio e superior. As remunera\u00e7\u00f5es variam de R$ 1.269,62 a R$ 3.712,35. As inscri\u00e7\u00f5es podem ser feitas pelo site www.aietec.com.br de 9 de fevereiro a 2 de mar\u00e7o. A prova objetiva est\u00e1 prevista para o dia 2 de abril\u00a0<span style=\"color: #ff0000;\"><a href=\"http:\/\/www.aietec.com.br\/inscbd\/2005insc\/main_concurso.php?id_concurso=851171&amp;aba=informacoes\" target=\"_blank\" rel=\"noopener nofollow\"><span style=\"color: #ff0000;\">(veja o edital no site da organizadora).<\/span><\/a><\/span><\/p>\n<p><strong>VER PRIMEIRO<\/strong><\/p>\n<p><strong>Receba as not\u00edcias do Aconteceu no Vale em primeira m\u00e3o. Clique em curtir no endere\u00e7o <a href=\"https:\/\/www.facebook.com\/aconteceunovale\" target=\"_blank\"><font color=\"red\">www.facebook.com\/aconteceunovale<\/font><\/a> ou no box abaixo:<\/strong><\/p>\n<div class=\"fb-like\" data-href=\"https:\/\/www.facebook.com\/aconteceunovale\" data-width=\"120\" data-layout=\"standard\" data-action=\"like\" data-size=\"small\" data-show-faces=\"true\" data-share=\"true\"><\/div>\n<p><\/br><\/p>\n<p><em>(Fonte: G1 Concursos e Emprego)<\/em><\/p>\n","protected":false},"excerpt":{"rendered":"<p>Pelo menos oito \u00f3rg\u00e3os abrem inscri\u00e7\u00f5es de concursos p\u00fablicos, nesta semana, para mais de 200 vagas e forma\u00e7\u00e3o de cadastro de reserva em cargos de n\u00edveis fundamental, m\u00e9dio e superior. Os sal\u00e1rios chegam a R$ 14.294,12 na Defensoria P\u00fablica do Paran\u00e1. Nos concursos para forma\u00e7\u00e3o de cadastro de reserva, os candidatos aprovados s\u00e3o chamados conforme [&hellip;]<\/p>\n","protected":false},"author":1,"featured_media":13951,"comment_status":"open","ping_status":"closed","sticky":false,"template":"","format":"standard","meta":{"amp_status":"","footnotes":""},"categories":[40237,40236],"tags":[30020,131004,138469,138491,138471,138494,138474,136770,138468,138477,138480,138484,1041,138488,138486,83929,138490,91746,138493,138473,138467,138492,138472,138495,138475,138478,138481,138485,138489,138487,138482,1665,138470,138476,138479,138483,112810,112819],"class_list":["post-108360","post","type-post","status-publish","format-standard","has-post-thumbnail","hentry","category-concursos","category-empregos-2","tag-aracai","tag-concurso-aberto","tag-concurso-aberto-em-minas-gerais","tag-concurso-conselho-regional-de-biologia-da-1a-regiao","tag-concurso-conselho-regional-de-farmacia-de-minas-gerais","tag-concurso-conselho-regional-de-nutricionistas-da-5a-regiao","tag-concurso-defensoria-publica-do-parana","tag-concurso-em-andamento","tag-concurso-em-minas-gerais","tag-concurso-prefeitura-de-aracai","tag-concurso-prefeitura-de-manacapuru","tag-concurso-prefeitura-de-moema","tag-concurso-publico-em-minas-gerais","tag-concurso-ufsc","tag-concurso-universidade-federal-de-santa-catarina","tag-concursos-com-inscricoes-abertas","tag-conselho-regional-de-biologia-da-1a-regiao","tag-conselho-regional-de-farmacia-de-minas-gerais","tag-conselho-regional-de-nutricionistas-da-5a-regiao","tag-defensoria-publica-do-parana","tag-editais-de-concursos-abertos","tag-edital-conselho-regional-de-biologia-da-1a-regiao","tag-edital-conselho-regional-de-farmacia-de-minas-gerais","tag-edital-conselho-regional-de-nutricionistas-da-5a-regiao","tag-edital-defensoria-publica-do-parana","tag-edital-prefeitura-de-aracai","tag-edital-prefeitura-de-manacapuru","tag-edital-prefeitura-de-moema","tag-edital-ufsc","tag-edital-universidade-federal-de-santa-catarina","tag-manacapuru","tag-moema","tag-oito-orgaos-publicos-abrem-inscricoes-para-mais-de-200-vagas-nesta-semana","tag-prefeitura-de-aracai","tag-prefeitura-de-manacapuru","tag-prefeitura-de-moema","tag-ufsc","tag-universidade-federal-de-santa-catarina"],"_links":{"self":[{"href":"https:\/\/aconteceunovale.com.br\/portal\/index.php?rest_route=\/wp\/v2\/posts\/108360","targetHints":{"allow":["GET"]}}],"collection":[{"href":"https:\/\/aconteceunovale.com.br\/portal\/index.php?rest_route=\/wp\/v2\/posts"}],"about":[{"href":"https:\/\/aconteceunovale.com.br\/portal\/index.php?rest_route=\/wp\/v2\/types\/post"}],"author":[{"embeddable":true,"href":"https:\/\/aconteceunovale.com.br\/portal\/index.php?rest_route=\/wp\/v2\/users\/1"}],"replies":[{"embeddable":true,"href":"https:\/\/aconteceunovale.com.br\/portal\/index.php?rest_route=%2Fwp%2Fv2%2Fcomments&post=108360"}],"version-history":[{"count":0,"href":"https:\/\/aconteceunovale.com.br\/portal\/index.php?rest_route=\/wp\/v2\/posts\/108360\/revisions"}],"wp:featuredmedia":[{"embeddable":true,"href":"https:\/\/aconteceunovale.com.br\/portal\/index.php?rest_route=\/wp\/v2\/media\/13951"}],"wp:attachment":[{"href":"https:\/\/aconteceunovale.com.br\/portal\/index.php?rest_route=%2Fwp%2Fv2%2Fmedia&parent=108360"}],"wp:term":[{"taxonomy":"category","embeddable":true,"href":"https:\/\/aconteceunovale.com.br\/portal\/index.php?rest_route=%2Fwp%2Fv2%2Fcategories&post=108360"},{"taxonomy":"post_tag","embeddable":true,"href":"https:\/\/aconteceunovale.com.br\/portal\/index.php?rest_route=%2Fwp%2Fv2%2Ftags&post=108360"}],"curies":[{"name":"wp","href":"https:\/\/api.w.org\/{rel}","templated":true}]}}