{"id":108353,"date":"2017-02-05T09:53:44","date_gmt":"2017-02-05T11:53:44","guid":{"rendered":"http:\/\/aconteceunovale.com.br\/portal\/?p=108353"},"modified":"2017-02-05T09:53:44","modified_gmt":"2017-02-05T11:53:44","slug":"febre-amarela-provoca-fechamento-temporario-do-parque-nacional-do-caparao-no-leste-de-minas","status":"publish","type":"post","link":"https:\/\/aconteceunovale.com.br\/portal\/?p=108353","title":{"rendered":"Febre amarela provoca fechamento tempor\u00e1rio do Parque Nacional do Capara\u00f3, no Leste de Minas"},"content":{"rendered":"<p>O Instituto Chico Mendes de Conserva\u00e7\u00e3o da Biodiversidade (ICMBio) determinou na quinta-feira (2\/2\/2017) o fechamento tempor\u00e1rio, a partir de amanh\u00e3 (sexta-feira, 3), do Parque Nacional do Capara\u00f3, na divisa dos estados de Minas Gerais e Esp\u00edrito Santo.<\/p>\n<p>A decis\u00e3o, que vale por 15 dias, prorrog\u00e1veis por mais 15, busca resguardar a sa\u00fade da popula\u00e7\u00e3o por causa do surto de febre amarela que atinge a regi\u00e3o. Nesse per\u00edodo, ficam suspensos os agendamentos para visita\u00e7\u00e3o.\u00a0<span style=\"color: #ff0000;\"><a href=\"http:\/\/www.icmbio.gov.br\/parnacaparao\/\" target=\"_blank\"><span style=\"color: #ff0000;\">Saiba mais no comunicado no site do parque<\/span><\/a><\/span>.<\/p>\n<p>Outras quatro unidades de conserva\u00e7\u00e3o (UC) federais, localizadas em munic\u00edpios lim\u00edtrofes \u00e0 regi\u00e3o atingida pelo surto, est\u00e3o sob estado de alerta \u2013 as reservas biol\u00f3gicas Sooretama e Comboios e a Floresta Nacional de Goytacazes, em Linhares, e o Monumento Natural Pont\u00f5es Capixabas, entre \u00c1gua Branca e Pancas, todas no Esp\u00edrito Santo.<\/p>\n<p><img decoding=\"async\" src=\"http:\/\/aconteceunovale.com.br\/portal\/wp-content\/uploads\/2017\/02\/parque_caparao.jpg\" alt=\"\" \/><em>Suspensa temporariamente visita\u00e7\u00e3o em Capara\u00f3 (Foto: Divulga\u00e7\u00e3o\/ICMBio)<\/em><br \/>\n<\/br><\/p>\n<p><strong>Alinhamento<\/strong><\/p>\n<p>A decis\u00e3o do ICMBio est\u00e1 alinhada com recomenda\u00e7\u00f5es das secretarias estaduais de Sa\u00fade de Minas Gerais e do Esp\u00edrito Santo, das prefeituras locais e da Vigil\u00e2ncia Sanit\u00e1ria. O objetivo \u00e9 evitar que o surto de febre amarela, que se concentra em cidades do leste de Minas e munic\u00edpios fronteiri\u00e7os capixabas, se alastre para outras regi\u00f5es.<\/p>\n<p>O Parque Nacional do Capara\u00f3 abrange quatro munic\u00edpios no lado mineiro \u2013 Alto Capara\u00f3, Capara\u00f3, Alto Jequitib\u00e1 e Espera Feliz \u2013 e seis no lado capixaba \u2013 I\u00fana, Ibitirama (onde fica o Pico da Bandeira), Irupi, Dores do Rio Preto, Divino de S\u00e3o Louren\u00e7o Gua\u00e7u\u00ed e Alegre.<\/p>\n<p>Neste per\u00edodo do ano, o parque atrai muitos visitantes. Seus principais acessos s\u00e3o o Portal Pedra Menina, em Dores do Rio Preto (ES), por onde se chega a Casa Queimada, in\u00edcio da trilha via Capara\u00f3-Capixaba para o Pico da Bandeira, e o Portal Alto Capara\u00f3, no munic\u00edpio de Alto Capara\u00f3 (MG), com estrada at\u00e9 o mirante do acampamento Tronqueira, origem da trilha pela vertente mineira ao Pico da Bandeira. Todos eles est\u00e3o, a partir desta sexta-feira (3), fechados ao p\u00fablico.<\/p>\n<p><strong>VER PRIMEIRO<\/strong><\/p>\n<p><strong>Receba as not\u00edcias do Aconteceu no Vale em primeira m\u00e3o. Clique em curtir no endere\u00e7o <a href=\"https:\/\/www.facebook.com\/aconteceunovale\" target=\"_blank\"><font color=\"red\">www.facebook.com\/aconteceunovale<\/font><\/a> ou no box abaixo:<\/strong><\/p>\n<div class=\"fb-like\" data-href=\"https:\/\/www.facebook.com\/aconteceunovale\" data-width=\"120\" data-layout=\"standard\" data-action=\"like\" data-size=\"small\" data-show-faces=\"true\" data-share=\"true\"><\/div>\n<p><\/br><\/p>\n<p><em>(Fonte: ICMBio)<\/em><\/p>\n","protected":false},"excerpt":{"rendered":"<p>O Instituto Chico Mendes de Conserva\u00e7\u00e3o da Biodiversidade (ICMBio) determinou na quinta-feira (2\/2\/2017) o fechamento tempor\u00e1rio, a partir de amanh\u00e3 (sexta-feira, 3), do Parque Nacional do Capara\u00f3, na divisa dos estados de Minas Gerais e Esp\u00edrito Santo. A decis\u00e3o, que vale por 15 dias, prorrog\u00e1veis por mais 15, busca resguardar a sa\u00fade da popula\u00e7\u00e3o por [&hellip;]<\/p>\n","protected":false},"author":1,"featured_media":108354,"comment_status":"open","ping_status":"closed","sticky":false,"template":"","format":"standard","meta":{"amp_status":"","footnotes":""},"categories":[121],"tags":[138460,1716,24486,11014,1018,138459,86432,1782,138457,138461,138455,98716,19517,97655,136022,138458,7953,138456],"class_list":["post-108353","post","type-post","status-publish","format-standard","has-post-thumbnail","hentry","category-leste","tag-alegre","tag-alto-caparao","tag-alto-jequitiba","tag-caparao","tag-destaque","tag-divino-de-sao-lourenco-guacui","tag-dores-do-rio-preto","tag-espera-feliz","tag-febre-amarela-fecha-parque-nacional-do-caparao","tag-febre-amarela-provoca-fechamento-temporario-do-parque-nacional-do-caparao","tag-fechamento-do-parque-nacional-do-caparao","tag-ibitirama","tag-icmbio","tag-instituto-chico-mendes-de-conservacao-da-biodiversidade","tag-irupi","tag-iuna","tag-parque-nacional-do-caparao","tag-suspensao-de-visitas-no-parque-nacional-do-caparao"],"_links":{"self":[{"href":"https:\/\/aconteceunovale.com.br\/portal\/index.php?rest_route=\/wp\/v2\/posts\/108353","targetHints":{"allow":["GET"]}}],"collection":[{"href":"https:\/\/aconteceunovale.com.br\/portal\/index.php?rest_route=\/wp\/v2\/posts"}],"about":[{"href":"https:\/\/aconteceunovale.com.br\/portal\/index.php?rest_route=\/wp\/v2\/types\/post"}],"author":[{"embeddable":true,"href":"https:\/\/aconteceunovale.com.br\/portal\/index.php?rest_route=\/wp\/v2\/users\/1"}],"replies":[{"embeddable":true,"href":"https:\/\/aconteceunovale.com.br\/portal\/index.php?rest_route=%2Fwp%2Fv2%2Fcomments&post=108353"}],"version-history":[{"count":0,"href":"https:\/\/aconteceunovale.com.br\/portal\/index.php?rest_route=\/wp\/v2\/posts\/108353\/revisions"}],"wp:featuredmedia":[{"embeddable":true,"href":"https:\/\/aconteceunovale.com.br\/portal\/index.php?rest_route=\/wp\/v2\/media\/108354"}],"wp:attachment":[{"href":"https:\/\/aconteceunovale.com.br\/portal\/index.php?rest_route=%2Fwp%2Fv2%2Fmedia&parent=108353"}],"wp:term":[{"taxonomy":"category","embeddable":true,"href":"https:\/\/aconteceunovale.com.br\/portal\/index.php?rest_route=%2Fwp%2Fv2%2Fcategories&post=108353"},{"taxonomy":"post_tag","embeddable":true,"href":"https:\/\/aconteceunovale.com.br\/portal\/index.php?rest_route=%2Fwp%2Fv2%2Ftags&post=108353"}],"curies":[{"name":"wp","href":"https:\/\/api.w.org\/{rel}","templated":true}]}}