{"id":108345,"date":"2017-02-05T08:54:02","date_gmt":"2017-02-05T10:54:02","guid":{"rendered":"http:\/\/aconteceunovale.com.br\/portal\/?p=108345"},"modified":"2017-02-05T08:54:02","modified_gmt":"2017-02-05T10:54:02","slug":"municipios-afetados-pela-febre-amarela-recebem-r-40-milhoes-do-governo-federal","status":"publish","type":"post","link":"https:\/\/aconteceunovale.com.br\/portal\/?p=108345","title":{"rendered":"Munic\u00edpios afetados pela febre amarela recebem R$ 40 milh\u00f5es do Governo Federal"},"content":{"rendered":"<p>O Minist\u00e9rio da Sa\u00fade est\u00e1 liberando R$ 40 milh\u00f5es aos munic\u00edpios mais afetados pela febre amarela no Pa\u00eds. Desse total, R$ 13,8 milh\u00f5es ser\u00e3o destinados aos 256 munic\u00edpios de cinco estados, como incentivo \u00e0 vacina\u00e7\u00e3o da popula\u00e7\u00e3o contra a doen\u00e7a.<\/p>\n<p>Os munic\u00edpios est\u00e3o localizados nos estados de Minas Gerais (MG), Esp\u00edrito Santo (ES), Rio de Janeiro (RJ), Bahia (BA) e S\u00e3o Paulo (SP), que abrangem uma popula\u00e7\u00e3o estimada de 8,6 milh\u00f5es de pessoas.<\/p>\n<p>O recurso foi definido a partir da estimativa da popula\u00e7\u00e3o a ser vacinada em cada munic\u00edpio. O Minist\u00e9rio da Sa\u00fade tamb\u00e9m est\u00e1 adiantando outros R$ 26,3 milh\u00f5es, que representa 40% dos recursos de vigil\u00e2ncia em sa\u00fade. Os valores dever\u00e3o ser aplicados em a\u00e7\u00f5es de preven\u00e7\u00e3o na \u00e1rea de vigil\u00e2ncia para a febre amarela. O an\u00fancio foi feito nesta quinta-feira (2), pelo ministro da sa\u00fade, Ricardo Barros, em Bras\u00edlia.<\/p>\n<p>Al\u00e9m disso, o Minist\u00e9rio ir\u00e1 ressarcir os investimentos em infraestrutura para atendimento emergencial. A pasta custear\u00e1 o aumento da assist\u00eancia \u00e0 febre amarela, como abertura de novos leitos cl\u00ednicos, intensivos e semi-intensivos e atendimentos e servi\u00e7os laboratoriais. Ser\u00e3o tr\u00eas meses de custeio, podendo ser renovados. Esse repasse ser\u00e1 aprovado de acordo com a produ\u00e7\u00e3o apresentada pelos gestores locais. Em Minas Gerais, por exemplo, s\u00e3o 124 novos leitos e mais 30 em fase de implementa\u00e7\u00e3o.<\/p>\n<p><strong>Vacinas<\/strong><\/p>\n<p>Desde o in\u00edcio deste ano, o Minist\u00e9rio da Sa\u00fade enviou um total de 8,2 milh\u00f5es de doses extras para cinco estados: Minas Gerais (3,5 milh\u00f5es), Esp\u00edrito Santo (1,7 milh\u00e3o), Bahia (900 mil), Rio de Janeiro (700 mil) e S\u00e3o Paulo (1,1 milh\u00e3o). O quantitativo \u00e9 um adicional \u00e0s doses de rotina do Calend\u00e1rio Nacional de Vacina\u00e7\u00e3o, repassadas mensalmente aos estados, que totalizaram 650 mil no m\u00eas de janeiro.<\/p>\n<p><strong>A\u00e7\u00f5es<\/strong><\/p>\n<p>O Minist\u00e9rio da Sa\u00fade tamb\u00e9m enviou, nesta semana, quatro equipes da For\u00e7a Nacional do SUS para auxiliar no atendimento aos pacientes com suspeitas de febre amarela em Minas Gerais. Ao todo, s\u00e3o 10 profissionais que est\u00e3o no estado \u2013 entre m\u00e9dicos, enfermeiros e assistentes \u2013 prestando assist\u00eancia aos casos da doen\u00e7a, especialmente nos munic\u00edpios de Novo Cruzeiro, Setubunha e Te\u00f3filo Otoni. <\/p>\n<p><strong>Campanha<\/strong><\/p>\n<p>O Minist\u00e9rio da Sa\u00fade prepara uma campanha para informar os p\u00fablicos que devem se vacinar neste momento. Com o slogan: \u201cInforma\u00e7\u00e3o para todos, vacina para quem precisa\u201d, a campanha ser\u00e1 veiculada em TVs, r\u00e1dios, mobili\u00e1rio urbano, redes sociais e internet, al\u00e9m de sites especializados em turismo. O p\u00fablico-alvo ser\u00e3o os moradores das \u00e1reas com recomenda\u00e7\u00e3o de vacina\u00e7\u00e3o.<\/p>\n<p><strong>VER PRIMEIRO<\/strong><\/p>\n<p><strong>Receba as not\u00edcias do Aconteceu no Vale em primeira m\u00e3o. Clique em curtir no endere\u00e7o <a href=\"https:\/\/www.facebook.com\/aconteceunovale\" target=\"_blank\"><font color=\"red\">www.facebook.com\/aconteceunovale<\/font><\/a> ou no box abaixo:<\/strong><\/p>\n<div class=\"fb-like\" data-href=\"https:\/\/www.facebook.com\/aconteceunovale\" data-width=\"120\" data-layout=\"standard\" data-action=\"like\" data-size=\"small\" data-show-faces=\"true\" data-share=\"true\"><\/div>\n<p><\/br><\/p>\n<p><em>(Fonte: Minist\u00e9rio da Sa\u00fade)<\/em><\/p>\n","protected":false},"excerpt":{"rendered":"<p>O Minist\u00e9rio da Sa\u00fade est\u00e1 liberando R$ 40 milh\u00f5es aos munic\u00edpios mais afetados pela febre amarela no Pa\u00eds. Desse total, R$ 13,8 milh\u00f5es ser\u00e3o destinados aos 256 munic\u00edpios de cinco estados, como incentivo \u00e0 vacina\u00e7\u00e3o da popula\u00e7\u00e3o contra a doen\u00e7a. Os munic\u00edpios est\u00e3o localizados nos estados de Minas Gerais (MG), Esp\u00edrito Santo (ES), Rio de [&hellip;]<\/p>\n","protected":false},"author":1,"featured_media":107193,"comment_status":"open","ping_status":"closed","sticky":false,"template":"","format":"standard","meta":{"amp_status":"","footnotes":""},"categories":[6,121,123,40242,120,122],"tags":[138442,138441,138440,2379,138439,4484,47713,40917,131,19326,34259,138443,138436,138437,93878,1104,99860,2382,40916,138438],"class_list":["post-108345","post","type-post","status-publish","format-standard","has-post-thumbnail","hentry","category-br","category-leste","category-gerais","category-saude-2","category-jequi","category-mucuri","tag-acoes-de-combate","tag-acoes-de-prevencao","tag-ba","tag-bahia","tag-es","tag-espirito-santo","tag-febre-amarela","tag-mg","tag-minas-gerais","tag-ministerio-da-saude","tag-ministro-da-saude","tag-municipios-afetados-pela-febre-amarela-recebem-r-40-milhoes-do-governo-federal","tag-municipios-mais-afetados-pela-febre-amarela","tag-recursos-para-municipios-mais-afetados-pela-febre-amarela","tag-ricardo-barros","tag-rio-de-janeiro","tag-rj","tag-sao-paulo","tag-sp","tag-verba-para-municipios-mais-afetados-pela-febre-amarela"],"_links":{"self":[{"href":"https:\/\/aconteceunovale.com.br\/portal\/index.php?rest_route=\/wp\/v2\/posts\/108345","targetHints":{"allow":["GET"]}}],"collection":[{"href":"https:\/\/aconteceunovale.com.br\/portal\/index.php?rest_route=\/wp\/v2\/posts"}],"about":[{"href":"https:\/\/aconteceunovale.com.br\/portal\/index.php?rest_route=\/wp\/v2\/types\/post"}],"author":[{"embeddable":true,"href":"https:\/\/aconteceunovale.com.br\/portal\/index.php?rest_route=\/wp\/v2\/users\/1"}],"replies":[{"embeddable":true,"href":"https:\/\/aconteceunovale.com.br\/portal\/index.php?rest_route=%2Fwp%2Fv2%2Fcomments&post=108345"}],"version-history":[{"count":0,"href":"https:\/\/aconteceunovale.com.br\/portal\/index.php?rest_route=\/wp\/v2\/posts\/108345\/revisions"}],"wp:featuredmedia":[{"embeddable":true,"href":"https:\/\/aconteceunovale.com.br\/portal\/index.php?rest_route=\/wp\/v2\/media\/107193"}],"wp:attachment":[{"href":"https:\/\/aconteceunovale.com.br\/portal\/index.php?rest_route=%2Fwp%2Fv2%2Fmedia&parent=108345"}],"wp:term":[{"taxonomy":"category","embeddable":true,"href":"https:\/\/aconteceunovale.com.br\/portal\/index.php?rest_route=%2Fwp%2Fv2%2Fcategories&post=108345"},{"taxonomy":"post_tag","embeddable":true,"href":"https:\/\/aconteceunovale.com.br\/portal\/index.php?rest_route=%2Fwp%2Fv2%2Ftags&post=108345"}],"curies":[{"name":"wp","href":"https:\/\/api.w.org\/{rel}","templated":true}]}}