{"id":108342,"date":"2017-02-05T08:49:42","date_gmt":"2017-02-05T10:49:42","guid":{"rendered":"http:\/\/aconteceunovale.com.br\/portal\/?p=108342"},"modified":"2017-02-05T08:49:42","modified_gmt":"2017-02-05T10:49:42","slug":"saude-de-minas-gerais-recebe-r-5435-milhoes","status":"publish","type":"post","link":"https:\/\/aconteceunovale.com.br\/portal\/?p=108342","title":{"rendered":"Sa\u00fade de Minas Gerais recebe R$ 543,5 milh\u00f5es"},"content":{"rendered":"<p>O Minist\u00e9rio da Sa\u00fade liberou R$ 543,5 milh\u00f5es para 722 servi\u00e7os e leitos no estado de Minas Gerais. O valor \u00e9 referente a emendas parlamentares e investimentos do governo federal. \u201cEsses recursos v\u00e3o melhorar e acelerar exames, consultas e cirurgias, al\u00e9m de garantir o custeio de servi\u00e7os que necessitavam de contrapartida federal\u201d, destacou o ministro da Sa\u00fade, Ricardo Barros, em visita ao munic\u00edpio de Governador Valadares nesta sexta-feira (3\/2\/2017).<\/p>\n<p>O valor ser\u00e1 distribu\u00eddo em 138 munic\u00edpios. Servi\u00e7os como leitos de Unidades de Terapia Intensiva (UTI), voltados para os atendimentos de urg\u00eancia e emerg\u00eancia, sa\u00fade bucal, sa\u00fade mental, entre outros, recebem R$ 195,1 milh\u00f5es.<\/p>\n<p>H\u00e1 ainda R$ 348,4 milh\u00f5es referentes a emendas parlamentares e R$ 15,6 milh\u00f5es para custeio anual de 07 Unidades de Pronto Atendimento (UPA) nos munic\u00edpios de Belo Horizonte, Carmo do Parna\u00edba, Contagem, Governador Valadares, Lagoa da Prata e Santo Ant\u00f4nio do Monte.<\/p>\n<p>Al\u00e9m destes recursos, a pasta tamb\u00e9m est\u00e1 destinando mais R$ 203,5 milh\u00f5es em empenhos para a constru\u00e7\u00e3o, reforma e\/ou amplia\u00e7\u00e3o de 122 Academias da Sa\u00fade, 7 Centros de Aten\u00e7\u00e3o Psicossocial (CAPS), 570 Unidades B\u00e1sicas de Sa\u00fade (Requalifica UBS), 1 Estrat\u00e9gia Rede Cegonha, 22 Unidades de Pronto Atendimento (UPAs), 9 Unidades de Acolhimento, 1 Centro Especializado em Reabilita\u00e7\u00e3o (CER) e 2 Oficinas Ortop\u00e9dicas.<\/p>\n<p><img decoding=\"async\" src=\"http:\/\/aconteceunovale.com.br\/portal\/wp-content\/uploads\/2017\/02\/recuros_saude_mg.jpeg\" alt=\"\" \/><em>Sa\u00fade de Minas Gerais recebe R$ 543,5 milh\u00f5es (Reprodu\u00e7\u00e3o\/Portal Brasil)<\/em><br \/>\n<\/br><\/p>\n<p><strong>VER PRIMEIRO<\/strong><\/p>\n<p><strong>Receba as not\u00edcias do Aconteceu no Vale em primeira m\u00e3o. Clique em curtir no endere\u00e7o <a href=\"https:\/\/www.facebook.com\/aconteceunovale\" target=\"_blank\"><font color=\"red\">www.facebook.com\/aconteceunovale<\/font><\/a> ou no box abaixo:<\/strong><\/p>\n<div class=\"fb-like\" data-href=\"https:\/\/www.facebook.com\/aconteceunovale\" data-width=\"120\" data-layout=\"standard\" data-action=\"like\" data-size=\"small\" data-show-faces=\"true\" data-share=\"true\"><\/div>\n<p><\/br><\/p>\n<p><em>(Fonte: Portal Brasil\/Minist\u00e9rio da Sa\u00fade)<\/em><\/p>\n","protected":false},"excerpt":{"rendered":"<p>O Minist\u00e9rio da Sa\u00fade liberou R$ 543,5 milh\u00f5es para 722 servi\u00e7os e leitos no estado de Minas Gerais. O valor \u00e9 referente a emendas parlamentares e investimentos do governo federal. \u201cEsses recursos v\u00e3o melhorar e acelerar exames, consultas e cirurgias, al\u00e9m de garantir o custeio de servi\u00e7os que necessitavam de contrapartida federal\u201d, destacou o ministro [&hellip;]<\/p>\n","protected":false},"author":1,"featured_media":108343,"comment_status":"open","ping_status":"closed","sticky":false,"template":"","format":"standard","meta":{"amp_status":"","footnotes":""},"categories":[123,40242],"tags":[194,51358,956,138433,138435,247,138432,1509,19326,34259,138431,138430,138434,93878,964],"class_list":["post-108342","post","type-post","status-publish","format-standard","has-post-thumbnail","hentry","category-gerais","category-saude-2","tag-belo-horizonte","tag-carmo-do-parnaiba","tag-contagem","tag-dinheiro-para-area-da-saude-em-minas-gerais","tag-em-visita-ao-municipio-de-governador-valadares","tag-governador-valadares","tag-investimento-na-area-da-saude-em-minas-gerais","tag-lagoa-da-prata","tag-ministerio-da-saude","tag-ministro-da-saude","tag-recursos-para-area-da-saude-em-minas-gerais","tag-recursos-para-minas-gerais","tag-repasses-para-area-da-saude-em-minas-gerais","tag-ricardo-barros","tag-santo-antonio-do-monte"],"_links":{"self":[{"href":"https:\/\/aconteceunovale.com.br\/portal\/index.php?rest_route=\/wp\/v2\/posts\/108342","targetHints":{"allow":["GET"]}}],"collection":[{"href":"https:\/\/aconteceunovale.com.br\/portal\/index.php?rest_route=\/wp\/v2\/posts"}],"about":[{"href":"https:\/\/aconteceunovale.com.br\/portal\/index.php?rest_route=\/wp\/v2\/types\/post"}],"author":[{"embeddable":true,"href":"https:\/\/aconteceunovale.com.br\/portal\/index.php?rest_route=\/wp\/v2\/users\/1"}],"replies":[{"embeddable":true,"href":"https:\/\/aconteceunovale.com.br\/portal\/index.php?rest_route=%2Fwp%2Fv2%2Fcomments&post=108342"}],"version-history":[{"count":0,"href":"https:\/\/aconteceunovale.com.br\/portal\/index.php?rest_route=\/wp\/v2\/posts\/108342\/revisions"}],"wp:featuredmedia":[{"embeddable":true,"href":"https:\/\/aconteceunovale.com.br\/portal\/index.php?rest_route=\/wp\/v2\/media\/108343"}],"wp:attachment":[{"href":"https:\/\/aconteceunovale.com.br\/portal\/index.php?rest_route=%2Fwp%2Fv2%2Fmedia&parent=108342"}],"wp:term":[{"taxonomy":"category","embeddable":true,"href":"https:\/\/aconteceunovale.com.br\/portal\/index.php?rest_route=%2Fwp%2Fv2%2Fcategories&post=108342"},{"taxonomy":"post_tag","embeddable":true,"href":"https:\/\/aconteceunovale.com.br\/portal\/index.php?rest_route=%2Fwp%2Fv2%2Ftags&post=108342"}],"curies":[{"name":"wp","href":"https:\/\/api.w.org\/{rel}","templated":true}]}}