{"id":108335,"date":"2017-02-04T23:41:30","date_gmt":"2017-02-05T01:41:30","guid":{"rendered":"http:\/\/aconteceunovale.com.br\/portal\/?p=108335"},"modified":"2017-02-07T21:14:44","modified_gmt":"2017-02-07T23:14:44","slug":"comportamento-da-ministra-carmen-lucia-impressiona-moradores-do-norte-de-minas-2","status":"publish","type":"post","link":"https:\/\/aconteceunovale.com.br\/portal\/?p=108335","title":{"rendered":"Comportamento da ministra C\u00e1rmen L\u00facia impressiona moradores do Norte de Minas"},"content":{"rendered":"<p>O status de presidente do Supremo Tribunal Federal (STF) parece n\u00e3o ter influenciado na simplicidade e humildade da ministra C\u00e1rmen L\u00facia. O comportamento da norte-mineira tem rendido centenas de elogios ap\u00f3s imagens da sua passagem por Montes Claros e Porteirinha serem compartilhadas nas redes sociais.<\/p>\n<p>Na sexta-feira, 3 de fevereiro, C\u00e1rmen L\u00facia desembarcou no Aeroporto M\u00e1rio Ribeiro, segundo testemunhas, em um avi\u00e3o de carreira. Em seguida ela alugou um carro e seguiu para Espinosa, cidade do extremo Norte de Minas onde residem seus familiares. \u201cSe fosse pol\u00edtico, estaria com seguran\u00e7a e em um avi\u00e3o da FAB.\u201d, diz uma mensagem compartilhada no WhatsApp.<\/p>\n<p>A presidente do Supremo foi assediada por admiradores e demonstrou muita simpatia, parando para atender pedidos de \u2018selfies\u2019. C\u00e1rmen L\u00facia fez uma parada para um lanche em um estabelecimento de Porteirinha, onde, conforme testemunhas, bebeu suco e comeu uma coxinha. Ela deixou o local com uma sacola pl\u00e1stica no bra\u00e7o, carregando duas garrafas de suco para continuar a viagem.<\/p>\n<p><img decoding=\"async\" src=\"http:\/\/aconteceunovale.com.br\/portal\/wp-content\/uploads\/2017\/02\/ministra_moc_1.jpg\" alt=\"\" \/><em>Ministra foi registrada durante passagem no Norte de Minas (Foto: Reprodu\u00e7\u00e3o)<\/em><br \/>\n<\/br><\/p>\n<p><img decoding=\"async\" src=\"http:\/\/aconteceunovale.com.br\/portal\/wp-content\/uploads\/2017\/02\/ministra_moc_2.jpg\" alt=\"\" \/><em>Ministra foi registrada durante passagem no Norte de Minas (Foto: Reprodu\u00e7\u00e3o)<\/em><br \/>\n<\/br><\/p>\n<h4><strong>C\u00e1rmen L\u00facia<\/strong><\/h4>\n<p>C\u00e1rmen L\u00facia Antunes Rocha tem 62 anos, foi indicada para o Supremo pelo ex-presidente Luiz In\u00e1cio Lula da Silva e tomou posse em 2006. A ministra nasceu em Montes Claros, foi criada em Espinosa (na mesma regi\u00e3o) e formou-se em direito pela Pontif\u00edcia Universidade Cat\u00f3lica de Minas Gerais (PUC), em 1977. Ela \u00e9 a segunda mulher a assumir o cargo de presidente da Corte. A primeira foi a ex-ministra Ellen Gracie.<\/p>\n<p>No seu dia a dia na Corte, C\u00e1rmen L\u00facia mant\u00e9m h\u00e1bitos simples, como ir trabalhar em seu pr\u00f3prio carro. Ela \u00e9 a \u00fanica integrante do colegiado que n\u00e3o utiliza carro oficial com motorista. A ministra \u00e9 solteira, n\u00e3o tem filhos e mora em um apartamento funcional do STF, em Bras\u00edlia.<\/p>\n<p>Em 2007, ela tamb\u00e9m quebrou a tradi\u00e7\u00e3o na Corte e foi \u00e0 sess\u00e3o usando cal\u00e7a comprida. Antes disso, uma regra interna determinava que mulheres s\u00f3 poderiam entrar no plen\u00e1rio usando saia.<\/p>\n<p><strong>VER PRIMEIRO<\/strong><\/p>\n<p><strong>Receba as not\u00edcias do Aconteceu no Vale em primeira m\u00e3o. Clique em curtir no endere\u00e7o <a href=\"https:\/\/www.facebook.com\/aconteceunovale\" target=\"_blank\"><font color=\"red\">www.facebook.com\/aconteceunovale<\/font><\/a> ou no box abaixo:<\/strong><\/p>\n<div class=\"fb-like\" data-href=\"https:\/\/www.facebook.com\/aconteceunovale\" data-width=\"120\" data-layout=\"standard\" data-action=\"like\" data-size=\"small\" data-show-faces=\"true\" data-share=\"true\"><\/div>\n<p><\/br><\/p>\n","protected":false},"excerpt":{"rendered":"<p>O status de presidente do Supremo Tribunal Federal (STF) parece n\u00e3o ter influenciado na simplicidade e humildade da ministra C\u00e1rmen L\u00facia. O comportamento da norte-mineira tem rendido centenas de elogios ap\u00f3s imagens da sua passagem por Montes Claros e Porteirinha serem compartilhadas nas redes sociais. Na sexta-feira, 3 de fevereiro, C\u00e1rmen L\u00facia desembarcou no Aeroporto [&hellip;]<\/p>\n","protected":false},"author":1,"featured_media":108332,"comment_status":"open","ping_status":"closed","sticky":false,"template":"","format":"standard","meta":{"amp_status":"","footnotes":""},"categories":[6,1236],"tags":[109700,77984,109706,138410,138411,138412,138409,1018,20323,1278,114880,109702,109703,74203,109699,109701,210,114879,83118,66882,100912,28512,28511],"class_list":["post-108335","post","type-post","status-publish","format-standard","has-post-thumbnail","hentry","category-br","category-norte_de_minas","tag-carmem-lucia-antunes-rocha","tag-carmen-lucia","tag-carmen-lucia-antunes-rocha","tag-carmen-lucia-em-montes-claros","tag-carmen-lucia-em-porteirinha","tag-carmen-lucia-no-aeroporto-de-montes-claros","tag-comportamento-da-ministra-carmen-lucia-impressiona-moradores-do-norte-de-minas","tag-destaque","tag-eleicao","tag-espinosa","tag-mineira-carmen-lucia-assume-presidencia-do-stf","tag-mineira-de-montes-claros-e-eleita-presidente-do-stf","tag-mineira-de-montes-claros-sera-a-segunda-mulher-a-assumir-a-presidencia-do-stf","tag-ministra","tag-ministra-carmen-lucia","tag-ministra-carmen-lucia-e-eleita-presidente-do-supremo","tag-montes-claros","tag-norte-mineira-carmen-lucia-assume-presidencia-do-stf","tag-posse","tag-presidente","tag-presidente-do-supremo","tag-ricardo-lewandowski","tag-stf"],"_links":{"self":[{"href":"https:\/\/aconteceunovale.com.br\/portal\/index.php?rest_route=\/wp\/v2\/posts\/108335","targetHints":{"allow":["GET"]}}],"collection":[{"href":"https:\/\/aconteceunovale.com.br\/portal\/index.php?rest_route=\/wp\/v2\/posts"}],"about":[{"href":"https:\/\/aconteceunovale.com.br\/portal\/index.php?rest_route=\/wp\/v2\/types\/post"}],"author":[{"embeddable":true,"href":"https:\/\/aconteceunovale.com.br\/portal\/index.php?rest_route=\/wp\/v2\/users\/1"}],"replies":[{"embeddable":true,"href":"https:\/\/aconteceunovale.com.br\/portal\/index.php?rest_route=%2Fwp%2Fv2%2Fcomments&post=108335"}],"version-history":[{"count":0,"href":"https:\/\/aconteceunovale.com.br\/portal\/index.php?rest_route=\/wp\/v2\/posts\/108335\/revisions"}],"wp:featuredmedia":[{"embeddable":true,"href":"https:\/\/aconteceunovale.com.br\/portal\/index.php?rest_route=\/wp\/v2\/media\/108332"}],"wp:attachment":[{"href":"https:\/\/aconteceunovale.com.br\/portal\/index.php?rest_route=%2Fwp%2Fv2%2Fmedia&parent=108335"}],"wp:term":[{"taxonomy":"category","embeddable":true,"href":"https:\/\/aconteceunovale.com.br\/portal\/index.php?rest_route=%2Fwp%2Fv2%2Fcategories&post=108335"},{"taxonomy":"post_tag","embeddable":true,"href":"https:\/\/aconteceunovale.com.br\/portal\/index.php?rest_route=%2Fwp%2Fv2%2Ftags&post=108335"}],"curies":[{"name":"wp","href":"https:\/\/api.w.org\/{rel}","templated":true}]}}