{"id":108325,"date":"2017-02-04T22:03:38","date_gmt":"2017-02-05T00:03:38","guid":{"rendered":"http:\/\/aconteceunovale.com.br\/portal\/?p=108325"},"modified":"2017-02-04T22:03:38","modified_gmt":"2017-02-05T00:03:38","slug":"corpos-dos-sete-assaltantes-mortos-em-confronto-com-a-policia-em-mato-verde-sao-liberados-para-familias","status":"publish","type":"post","link":"https:\/\/aconteceunovale.com.br\/portal\/?p=108325","title":{"rendered":"Corpos dos sete assaltantes mortos em confronto com a Pol\u00edcia em Mato Verde s\u00e3o liberados para fam\u00edlias"},"content":{"rendered":"<p>Os exames de necr\u00f3psia dos sete homens mortos em uma Opera\u00e7\u00e3o da Pol\u00edcia Civil em Mato Verde, na madrugada de quinta-feira (2), j\u00e1 foram realizados pelo Instituto M\u00e9dico Legal de Montes Claros. De acordo com a Pol\u00edcia Civil, at\u00e9 a manh\u00e3 desta sexta-feira (3), a fam\u00edlia de um dos bandidos j\u00e1 havia feito a retirada do corpo. Um homem de 35 anos, que fazia parte do grupo, ficou ferido durante a troca de tiros e continua internado.<\/p>\n<p>Os sete homens morreram em um confronto com a Pol\u00edcia Civil durante uma tentativa de roubo a caixas eletr\u00f4nicos de dois bancos de Mato Verde. O oitavo integrante da quadrilha foi baleado nas pernas e bra\u00e7o e socorrido pelo Samu a um hospital de Jana\u00faba. De acordo com o delegado, Euj\u00e9cio Coutrim, o criminoso segue internado, sob escolta policial, e foi indiciado por organiza\u00e7\u00e3o criminosa e tentativa de roubo qualificado. Contra ele  j\u00e1 havia um mandado de pris\u00e3o em aberto, expedido na Bahia por crime de roubo.<\/p>\n<p><strong>A\u00e7\u00e3o dos bandidos<\/strong><\/p>\n<p>C\u00e2meras de seguran\u00e7a de um dos bancos registraram o momento da troca de tiros entre policiais e criminosos, por volta das 3h da madrugada. Nenhum policial ficou ferido. Os oito homens chegaram em uma caminhonete, com placas de S\u00e3o Paulo. Segundo a Pol\u00edcia Civil, parte do grupo, que estava na ca\u00e7amba do ve\u00edculo, se escondia sob colch\u00f5es. Eles foram surpreendidos por 40 policiais civis, das Regionais de Montes Claros e Jana\u00faba, que estavam armados e posicionados estrategicamente em um hotel e em uma escola que ficam ao lado das ag\u00eancias banc\u00e1rias. As esquipes ficaram de campana por 24 horas, durante tr\u00eas dias.<\/p>\n<p>Em coletiva, o  Delegado Renato Nunes Henriques, chefe do Departamento da Pol\u00edcia Civil de Montes Claros, esclarece que parte da quadrilha \u00e9 de S\u00e3o Paulo e era investigada pelo Servi\u00e7o de Intelig\u00eancia das pol\u00edcias de Minas Gerais e do Paran\u00e1, onde possivelmente h\u00e1 ramifica\u00e7\u00f5es dos criminosos. Um integrante, morto na troca de tiros, de 36 anos, \u00e9 de Monte Azul, no Norte de Minas, e estava foragido da cadeia onde cumpria pena por roubo. Ele \u00e9 apontado pela pol\u00edcia como respons\u00e1vel por abrigar os comparsas.<\/p>\n<p>Ainda segundo o delegado, o grupo criminoso \u00e9 especialista em explos\u00f5es de cofres. &#8220;N\u00e3o se trata de quadrilha especializada em explos\u00e3o de caixas eletr\u00f4nicos. Essa quadrilha \u00e9 especializada em explos\u00e3o de caixa forte de bancos, por isso, o forte armamento utilizado por eles&#8221;, enfatiza o delegado.<\/p>\n<p>Com os homens foram apreendidos coletes bal\u00edsticos, ferramentas e 22 bananas de dinamite. Eles portavam fuzis, espingardas, submetralhadora e pistolas. A caminhonete com placa adulterada tamb\u00e9m foi apreendida.<\/p>\n<p>A quadrilha continua sendo investigada como respons\u00e1vel pelas explos\u00f5es de caixas em Monte Azul, S\u00e3o Jo\u00e3o do Para\u00edso e Montezuma, na madrugada de quarta-feira (1\u00ba).<\/p>\n<p>Segundo dados da Pol\u00edcia Civil, em 2014 foram registrados 225 arrombamentos \u00e0 ag\u00eancias banc\u00e1rias do Estado. Em 2015, foram 173 casos. At\u00e9 novembro de 2016, foram registrados 166 ocorr\u00eancias.<\/p>\n<h4><strong>V\u00eddeos<\/strong><\/h4>\n<p><iframe loading=\"lazy\" width=\"640\" height=\"360\" src=\"https:\/\/www.youtube.com\/embed\/demgrhU3E_Q\" frameborder=\"0\" allowfullscreen><\/iframe><br \/>\n<\/br><\/p>\n<p><iframe loading=\"lazy\" width=\"640\" height=\"360\" src=\"https:\/\/www.youtube.com\/embed\/X_i2_toF-RM\" frameborder=\"0\" allowfullscreen><\/iframe><br \/>\n<\/br><\/p>\n<p><strong>VER PRIMEIRO<\/strong><\/p>\n<p><strong>Receba as not\u00edcias do Aconteceu no Vale em primeira m\u00e3o. Clique em curtir no endere\u00e7o <a href=\"https:\/\/www.facebook.com\/aconteceunovale\" target=\"_blank\"><font color=\"red\">www.facebook.com\/aconteceunovale<\/font><\/a> ou no box abaixo:<\/strong><\/p>\n<div class=\"fb-like\" data-href=\"https:\/\/www.facebook.com\/aconteceunovale\" data-width=\"120\" data-layout=\"standard\" data-action=\"like\" data-size=\"small\" data-show-faces=\"true\" data-share=\"true\"><\/div>\n<p><\/br><\/p>\n<p><em>(Fonte: G1 Grande Minas\/Juliana Peixoto)<\/em><\/p>\n","protected":false},"excerpt":{"rendered":"<p>Os exames de necr\u00f3psia dos sete homens mortos em uma Opera\u00e7\u00e3o da Pol\u00edcia Civil em Mato Verde, na madrugada de quinta-feira (2), j\u00e1 foram realizados pelo Instituto M\u00e9dico Legal de Montes Claros. De acordo com a Pol\u00edcia Civil, at\u00e9 a manh\u00e3 desta sexta-feira (3), a fam\u00edlia de um dos bandidos j\u00e1 havia feito a retirada [&hellip;]<\/p>\n","protected":false},"author":1,"featured_media":108140,"comment_status":"open","ping_status":"closed","sticky":false,"template":"","format":"standard","meta":{"amp_status":"","footnotes":""},"categories":[1236],"tags":[138074,138079,138069,138073,138071,138067,138077,138070,138153,138075,138398,121922,138078,1195,1277,210,138080,25463,138068,138072,76415,1403,138083,138082,138081,138154,138076],"class_list":["post-108325","post","type-post","status-publish","format-standard","has-post-thumbnail","hentry","category-norte_de_minas","tag-11o-departamento-da-policia-civil-de-montes-claros","tag-assaltantes-mortos-no-norte-de-minas","tag-assalto-banco-do-brasil-em-mato-verde","tag-assalto-banco-mato-verde","tag-assalto-mato-verde","tag-banco-do-brasil-em-mato-verde","tag-bandidos-mortos-no-norte-de-minas","tag-bandidos-mortos-por-assalto-ao-banco-do-brasil-em-mato-verde","tag-cameras-registram-troca-de-tiros-entre-assaltantes-e-policiais-que-terminou-com-sete-mortes-no-norte-de-minas","tag-chefe-do-11o-departamento-da-policia-civil-de-montes-claros","tag-corpos-dos-sete-assaltantes-mortos-em-confronto-com-a-policia-em-mato-verde-sao-liberados-para-familias","tag-delegado-renato-nunes-henriques","tag-ladroes-mortos-no-norte-de-minas","tag-mato-verde","tag-monte-azul","tag-montes-claros","tag-quadrilha-morta-no-norte-de-minas","tag-renato-nunes-henriques","tag-roubo-banco-do-brasil-em-mato-verde","tag-roubo-banco-mato-verde","tag-roubo-mato-verde","tag-sao-joao-do-paraiso","tag-sete-integrantes-de-quadrilha-morrem-em-confronto-com-policiais-no-norte-de-minas","tag-sete-integrantes-de-quadrilha-sao-mortos-em-troca-de-trios-com-policiais-em-mato-verde","tag-sete-integrantes-de-quadrilha-sao-mortos-em-troca-de-trios-com-policiais-no-norte-de-minas","tag-videos-mostram-troca-de-tiros-entre-assaltantes-e-policiais-que-terminou-com-sete-mortes-no-norte-de-minas","tag-wellington-goulart-de-aguiar"],"_links":{"self":[{"href":"https:\/\/aconteceunovale.com.br\/portal\/index.php?rest_route=\/wp\/v2\/posts\/108325","targetHints":{"allow":["GET"]}}],"collection":[{"href":"https:\/\/aconteceunovale.com.br\/portal\/index.php?rest_route=\/wp\/v2\/posts"}],"about":[{"href":"https:\/\/aconteceunovale.com.br\/portal\/index.php?rest_route=\/wp\/v2\/types\/post"}],"author":[{"embeddable":true,"href":"https:\/\/aconteceunovale.com.br\/portal\/index.php?rest_route=\/wp\/v2\/users\/1"}],"replies":[{"embeddable":true,"href":"https:\/\/aconteceunovale.com.br\/portal\/index.php?rest_route=%2Fwp%2Fv2%2Fcomments&post=108325"}],"version-history":[{"count":0,"href":"https:\/\/aconteceunovale.com.br\/portal\/index.php?rest_route=\/wp\/v2\/posts\/108325\/revisions"}],"wp:featuredmedia":[{"embeddable":true,"href":"https:\/\/aconteceunovale.com.br\/portal\/index.php?rest_route=\/wp\/v2\/media\/108140"}],"wp:attachment":[{"href":"https:\/\/aconteceunovale.com.br\/portal\/index.php?rest_route=%2Fwp%2Fv2%2Fmedia&parent=108325"}],"wp:term":[{"taxonomy":"category","embeddable":true,"href":"https:\/\/aconteceunovale.com.br\/portal\/index.php?rest_route=%2Fwp%2Fv2%2Fcategories&post=108325"},{"taxonomy":"post_tag","embeddable":true,"href":"https:\/\/aconteceunovale.com.br\/portal\/index.php?rest_route=%2Fwp%2Fv2%2Ftags&post=108325"}],"curies":[{"name":"wp","href":"https:\/\/api.w.org\/{rel}","templated":true}]}}