{"id":108318,"date":"2017-02-04T21:46:30","date_gmt":"2017-02-04T23:46:30","guid":{"rendered":"http:\/\/aconteceunovale.com.br\/portal\/?p=108318"},"modified":"2017-02-04T21:46:30","modified_gmt":"2017-02-04T23:46:30","slug":"apos-rebeliao-agentes-do-presidio-de-aracuai-denunciam-situacao-precaria-de-trabalho","status":"publish","type":"post","link":"https:\/\/aconteceunovale.com.br\/portal\/?p=108318","title":{"rendered":"Ap\u00f3s rebeli\u00e3o, agentes do Pres\u00eddio de Ara\u00e7ua\u00ed denunciam situa\u00e7\u00e3o prec\u00e1ria de trabalho"},"content":{"rendered":"<p>Ap\u00f3s a rebeli\u00e3o ocorrida na noite de quarta-feira (1\u00ba de fevereiro de 2017) no Pres\u00eddio de Ara\u00e7ua\u00ed, no Vale do Jequitinhonha, agentes penitenci\u00e1rios falaram da situa\u00e7\u00e3o prec\u00e1ria de trabalho dentro do Pres\u00eddio, que, segundo eles, ficou ainda mais evidente ap\u00f3s o tumulto.<\/p>\n<p>De acordo com eles, s\u00e3o cerca de 50 agentes trabalham na unidade, mas a maioria \u00e9 composta por servidores contratados, e h\u00e1 medo de repres\u00e1lias. \u201cPor isso n\u00e3o temos den\u00fancias sobre a situa\u00e7\u00e3o em que trabalhamos. Temos muni\u00e7\u00f5es vencidas, coletes vencidos e equipamentos de prote\u00e7\u00e3o individual danificados. N\u00e3o existe uma manuten\u00e7\u00e3o preventiva em nossos equipamentos\u201d, afirma um agente que n\u00e3o quis se identificar.<\/p>\n<p>Ele diz ainda que na \u00faltima rebeli\u00e3o os detentos agrediram os agentes penitenci\u00e1rios com pedras e chunchos, feitos com vergalh\u00f5es retirados das estruturas das celas. \u201cEsta rebeli\u00e3o j\u00e1 estava prevista, diante da situa\u00e7\u00e3o que nos encontramos. Gra\u00e7as a Deus n\u00e3o aconteceu o pior. Todos os agentes temem novas situa\u00e7\u00f5es de confronto. Os detentos amea\u00e7am os agente e tamb\u00e9m os familiares. O sistema prisional em Ara\u00e7ua\u00ed est\u00e1 um colapso\u201d.<\/p>\n<p>Outro servidor, que tamb\u00e9m n\u00e3o quis se identificar, afirma temer outras situa\u00e7\u00f5es de confrontos com os presos, pois a situa\u00e7\u00e3o de trabalho gera aumenta o risco para os agentes. \u201cInfelizmente falta efetivo para trabalhar nos pres\u00eddios. O que vivemos aqui foi um cen\u00e1rio de guerra. O que a gente teme a possibilidade de acontecer outros epis\u00f3dios semelhantes\u201d, diz.<\/p>\n<p>Ainda segundo os servidores, a unidade prisional possui 12 celas e foi constru\u00edda para abrigar 66 presos, mas o n\u00famero de abrigados chega a 100. Ap\u00f3s a rebeli\u00e3o de quarta-feira, cerca de 15 presos foram transferidos para Te\u00f3filo Otoni, Itaobim, Francisco S\u00e1 e Pedra Azul.<\/p>\n<p>Eles temem tamb\u00e9m a seguran\u00e7a dos agentes ao trabalharem em vigias de presos fora do pres\u00eddio. \u201cOs estatuto fala que s\u00e3o tr\u00eas agentes por detento, mas, geralmente, aqui trabalha um agente para cada dois presos\u201d.<\/p>\n<p><strong>O que diz a Seap<\/strong><\/p>\n<p>Em nota, a Secretaria de Estado de Administra\u00e7\u00e3o Prisional (Seap) afirmou que sempre que se registra alguma ocorr\u00eancia em unidades prisionais do estado s\u00e3o adotados v\u00e1rios procedimentos no sentido de regularizar o funcionamento do local\u201d.<\/p>\n<p>A secretaria afirma que o motim ocorrido em Ara\u00e7ua\u00ed est\u00e1 sendo investigado, bem como a reclama\u00e7\u00e3o de material vencido.<\/p>\n<p><strong>VER PRIMEIRO<\/strong><\/p>\n<p><strong>Receba as not\u00edcias do Aconteceu no Vale em primeira m\u00e3o. Clique em curtir no endere\u00e7o <a href=\"https:\/\/www.facebook.com\/aconteceunovale\" target=\"_blank\"><font color=\"red\">www.facebook.com\/aconteceunovale<\/font><\/a> ou no box abaixo:<\/strong><\/p>\n<div class=\"fb-like\" data-href=\"https:\/\/www.facebook.com\/aconteceunovale\" data-width=\"120\" data-layout=\"standard\" data-action=\"like\" data-size=\"small\" data-show-faces=\"true\" data-share=\"true\"><\/div>\n<p><\/br><\/p>\n<p><em>(Fonte: G1 Grande Minas)<\/em><\/p>\n","protected":false},"excerpt":{"rendered":"<p>Ap\u00f3s a rebeli\u00e3o ocorrida na noite de quarta-feira (1\u00ba de fevereiro de 2017) no Pres\u00eddio de Ara\u00e7ua\u00ed, no Vale do Jequitinhonha, agentes penitenci\u00e1rios falaram da situa\u00e7\u00e3o prec\u00e1ria de trabalho dentro do Pres\u00eddio, que, segundo eles, ficou ainda mais evidente ap\u00f3s o tumulto. De acordo com eles, s\u00e3o cerca de 50 agentes trabalham na unidade, mas [&hellip;]<\/p>\n","protected":false},"author":1,"featured_media":71442,"comment_status":"open","ping_status":"closed","sticky":false,"template":"","format":"standard","meta":{"amp_status":"","footnotes":""},"categories":[120],"tags":[138390,138386,138385,138387,138389,138388],"class_list":["post-108318","post","type-post","status-publish","format-standard","has-post-thumbnail","hentry","category-jequi","tag-agentes-do-presidio-de-aracuai-denunciam-situacao-precaria-de-trabalho","tag-motim-no-presidio-de-aracuai","tag-presidio-de-aracuai","tag-rebeliao-no-presidio-de-aracuai","tag-situacao-do-presidio-de-aracuai","tag-situacao-precaria-no-presidio-de-aracuai"],"_links":{"self":[{"href":"https:\/\/aconteceunovale.com.br\/portal\/index.php?rest_route=\/wp\/v2\/posts\/108318","targetHints":{"allow":["GET"]}}],"collection":[{"href":"https:\/\/aconteceunovale.com.br\/portal\/index.php?rest_route=\/wp\/v2\/posts"}],"about":[{"href":"https:\/\/aconteceunovale.com.br\/portal\/index.php?rest_route=\/wp\/v2\/types\/post"}],"author":[{"embeddable":true,"href":"https:\/\/aconteceunovale.com.br\/portal\/index.php?rest_route=\/wp\/v2\/users\/1"}],"replies":[{"embeddable":true,"href":"https:\/\/aconteceunovale.com.br\/portal\/index.php?rest_route=%2Fwp%2Fv2%2Fcomments&post=108318"}],"version-history":[{"count":0,"href":"https:\/\/aconteceunovale.com.br\/portal\/index.php?rest_route=\/wp\/v2\/posts\/108318\/revisions"}],"wp:featuredmedia":[{"embeddable":true,"href":"https:\/\/aconteceunovale.com.br\/portal\/index.php?rest_route=\/wp\/v2\/media\/71442"}],"wp:attachment":[{"href":"https:\/\/aconteceunovale.com.br\/portal\/index.php?rest_route=%2Fwp%2Fv2%2Fmedia&parent=108318"}],"wp:term":[{"taxonomy":"category","embeddable":true,"href":"https:\/\/aconteceunovale.com.br\/portal\/index.php?rest_route=%2Fwp%2Fv2%2Fcategories&post=108318"},{"taxonomy":"post_tag","embeddable":true,"href":"https:\/\/aconteceunovale.com.br\/portal\/index.php?rest_route=%2Fwp%2Fv2%2Ftags&post=108318"}],"curies":[{"name":"wp","href":"https:\/\/api.w.org\/{rel}","templated":true}]}}