{"id":108312,"date":"2017-02-04T21:28:24","date_gmt":"2017-02-04T23:28:24","guid":{"rendered":"http:\/\/aconteceunovale.com.br\/portal\/?p=108312"},"modified":"2017-02-04T21:40:25","modified_gmt":"2017-02-04T23:40:25","slug":"caminhonete-com-chassi-adulterada-apreendida-em-buritizeiro-no-norte-de-minas","status":"publish","type":"post","link":"https:\/\/aconteceunovale.com.br\/portal\/?p=108312","title":{"rendered":"Caminhonete com chassi adulterado \u00e9 apreendida em Buritizeiro, no Norte de Minas"},"content":{"rendered":"<p>A Pol\u00edcia Rodovi\u00e1ria Federal (PRF) prendeu dois homens, de 26 e 34 anos, com um carro adulterado na BR-365, em Buritizeiro, neste s\u00e1bado (4\/2\/2017). Agentes faziam patrulhamento e abordaram o ve\u00edculo. <\/p>\n<p>De acordo com a PRF, ap\u00f3s fiscaliza\u00e7\u00e3o foi constatado que o chassi estava adulterado, a numera\u00e7\u00e3o do lacre da placa traseira e o n\u00famero do motor pertencia a outros ve\u00edculos; sendo que havia queixa de roubo em um deles, em Contagem.<\/p>\n<p>O condutor, de 26 anos, tentou fugir por um matagal, mas foi contido. Ele e o passageiro foram presos em flagrante e levados para a delegacia da Pol\u00edcia Civil em Pirapora.<\/p>\n<p><img decoding=\"async\" src=\"http:\/\/aconteceunovale.com.br\/portal\/wp-content\/uploads\/2017\/02\/carro_apreendido.jpg\" alt=\"\" \/><em>Dados do carro estavam adulterados (Foto: Pol\u00edcia Rodovi\u00e1ria Federal\/Divulga\u00e7\u00e3o)<\/em><br \/>\n<\/br><\/p>\n<p><strong>VER PRIMEIRO<\/strong><\/p>\n<p><strong>Receba as not\u00edcias do Aconteceu no Vale em primeira m\u00e3o. Clique em curtir no endere\u00e7o <a href=\"https:\/\/www.facebook.com\/aconteceunovale\" target=\"_blank\"><font color=\"red\">www.facebook.com\/aconteceunovale<\/font><\/a> ou no box abaixo:<\/strong><\/p>\n<div class=\"fb-like\" data-href=\"https:\/\/www.facebook.com\/aconteceunovale\" data-width=\"120\" data-layout=\"standard\" data-action=\"like\" data-size=\"small\" data-show-faces=\"true\" data-share=\"true\"><\/div>\n<p><\/br><\/p>\n<p><em>(G1 Grande Minas)<\/em><\/p>\n","protected":false},"excerpt":{"rendered":"<p>A Pol\u00edcia Rodovi\u00e1ria Federal (PRF) prendeu dois homens, de 26 e 34 anos, com um carro adulterado na BR-365, em Buritizeiro, neste s\u00e1bado (4\/2\/2017). Agentes faziam patrulhamento e abordaram o ve\u00edculo. De acordo com a PRF, ap\u00f3s fiscaliza\u00e7\u00e3o foi constatado que o chassi estava adulterado, a numera\u00e7\u00e3o do lacre da placa traseira e o n\u00famero [&hellip;]<\/p>\n","protected":false},"author":1,"featured_media":108313,"comment_status":"open","ping_status":"closed","sticky":false,"template":"","format":"standard","meta":{"amp_status":"","footnotes":""},"categories":[1236],"tags":[1535,138384,254,138379,78380,239],"class_list":["post-108312","post","type-post","status-publish","format-standard","has-post-thumbnail","hentry","category-norte_de_minas","tag-buritizeiro","tag-caminhonete-com-chassi-adulterado-e-apreendida-em-buritizeiro","tag-pirapora","tag-preso-pela-prf-em-buritizeiro","tag-presos-em-buritizeiro","tag-prf"],"_links":{"self":[{"href":"https:\/\/aconteceunovale.com.br\/portal\/index.php?rest_route=\/wp\/v2\/posts\/108312","targetHints":{"allow":["GET"]}}],"collection":[{"href":"https:\/\/aconteceunovale.com.br\/portal\/index.php?rest_route=\/wp\/v2\/posts"}],"about":[{"href":"https:\/\/aconteceunovale.com.br\/portal\/index.php?rest_route=\/wp\/v2\/types\/post"}],"author":[{"embeddable":true,"href":"https:\/\/aconteceunovale.com.br\/portal\/index.php?rest_route=\/wp\/v2\/users\/1"}],"replies":[{"embeddable":true,"href":"https:\/\/aconteceunovale.com.br\/portal\/index.php?rest_route=%2Fwp%2Fv2%2Fcomments&post=108312"}],"version-history":[{"count":0,"href":"https:\/\/aconteceunovale.com.br\/portal\/index.php?rest_route=\/wp\/v2\/posts\/108312\/revisions"}],"wp:featuredmedia":[{"embeddable":true,"href":"https:\/\/aconteceunovale.com.br\/portal\/index.php?rest_route=\/wp\/v2\/media\/108313"}],"wp:attachment":[{"href":"https:\/\/aconteceunovale.com.br\/portal\/index.php?rest_route=%2Fwp%2Fv2%2Fmedia&parent=108312"}],"wp:term":[{"taxonomy":"category","embeddable":true,"href":"https:\/\/aconteceunovale.com.br\/portal\/index.php?rest_route=%2Fwp%2Fv2%2Fcategories&post=108312"},{"taxonomy":"post_tag","embeddable":true,"href":"https:\/\/aconteceunovale.com.br\/portal\/index.php?rest_route=%2Fwp%2Fv2%2Ftags&post=108312"}],"curies":[{"name":"wp","href":"https:\/\/api.w.org\/{rel}","templated":true}]}}