{"id":108305,"date":"2017-02-04T21:02:27","date_gmt":"2017-02-04T23:02:27","guid":{"rendered":"http:\/\/aconteceunovale.com.br\/portal\/?p=108305"},"modified":"2017-02-04T21:02:27","modified_gmt":"2017-02-04T23:02:27","slug":"grande-quantidade-de-droga-e-apreendida-pela-policia-militar-em-governador-valadares","status":"publish","type":"post","link":"https:\/\/aconteceunovale.com.br\/portal\/?p=108305","title":{"rendered":"Grande quantidade de droga \u00e9 apreendida pela Pol\u00edcia Militar em Governador Valadares"},"content":{"rendered":"<p>A Pol\u00edcia Militar apreendeu sete barras de maconha prensada no in\u00edcio da tarde de quinta-feira (2\/2\/2017) em Governador Valadares, no Vale do Rio Doce. Segundo a corpora\u00e7\u00e3o, a droga foi encontrada ap\u00f3s uma den\u00fancia an\u00f4nima.<\/p>\n<p>O material estava em um lote vago pr\u00f3ximo a um c\u00f3rrego no fim de uma avenida do Bairro Vila Isa. Al\u00e9m da maconha, foi apreendida uma balan\u00e7a de precis\u00e3o. Nenhum suspeito foi identificado como dono do material, que foi encaminhado para a Delegacia Civil da cidade.<\/p>\n<p><img decoding=\"async\" src=\"http:\/\/aconteceunovale.com.br\/portal\/wp-content\/uploads\/2017\/02\/drogas_gv_1.jpeg\" alt=\"\" \/><em>Barras de maconha apreendidas pela PM (Foto: Roberto Higino\/Reprodu\u00e7\u00e3o Facebook)<\/em><br \/>\n<\/br><\/p>\n<p><strong>Jovens s\u00e3o presos com 300 buchas de maconha<\/strong><\/p>\n<p>Dois jovens, de 23 e 26 anos, foram presos na noite de quarta-feira (1\u00ba) por tr\u00e1fico de drogas em Governador Valadares. Segundo a Pol\u00edcia Militar, a dupla foi vista numa moto durante patrulhamento no Bairro Altin\u00f3polis e n\u00e3o obedeceu ordem de parada.<\/p>\n<p>Os autores iniciaram fuga pela BR-116, em dire\u00e7\u00e3o ao Bairro Vila Isa. Os militares perseguiram os suspeitos, que foram surpreendidos por outra equipe policial e dispensaram uma mochila. Detidos, n\u00e3o foi encontrada nenhuma subst\u00e2ncia il\u00edcita com os jovens, mas na mochila que jogaram fora os policiais encontraram 300 buchas de maconha, dois celulares e R$ 39,45 em dinheiro.<\/p>\n<p>Al\u00e9m destes itens, tamb\u00e9m foi apreendida a moto utilizada pela dupla, sendo que ambos j\u00e1 possu\u00edam passagens pela pol\u00edcia. Todo o material foi encaminhado para a Delegacia Civil junto com os suspeitos.<\/p>\n<p><img decoding=\"async\" src=\"http:\/\/aconteceunovale.com.br\/portal\/wp-content\/uploads\/2017\/02\/drogas_gv_2.jpeg\" alt=\"\" \/><em>Drogas apreendidas pela pol\u00edcia (Foto: Pol\u00edcia Militar\/Divulga\u00e7\u00e3o)<\/em><br \/>\n<\/br><\/p>\n<p><strong>Arma apreendida no Ip\u00ea <\/strong><\/p>\n<p>Uma arma de fogo foi apreendida na madrugada desta quarta-feira (1\u00ba) em Governador Valadares (MG). Segundo a Pol\u00edcia Militar, durante patrulhamento no Bairro Ip\u00ea foi abordado um ve\u00edculo com quatro ocupantes. Durante a aproxima\u00e7\u00e3o policial, o ve\u00edculo passou a fugir em alta velocidade pela BR-116 sentido Alpercata.<\/p>\n<p>Ao longo do percurso os suspeitos dispensaram alguns objetos pelo caminho. Foi realizada a\u00e7\u00e3o de cerco, mas os suspeitos conseguiram escapar. Os militares localizaram uma arma de fogo calibre 45 e muni\u00e7\u00f5es de calibre 38, objetos dispensados pelos suspeitos. Os materiais foram apreendidos e encaminhados para a Delegacia Civil.<\/p>\n<p><img decoding=\"async\" src=\"http:\/\/aconteceunovale.com.br\/portal\/wp-content\/uploads\/2017\/02\/drogas_gv_3.jpeg\" alt=\"\" \/><em>Arma apreendida pela pol\u00edcia (Foto: Pol\u00edcia Militar\/Divulga\u00e7\u00e3o)<\/em><br \/>\n<\/br><\/p>\n<p><strong>Adolescente apreendido com drogas<\/strong><\/p>\n<p>Um adolescente de 16 anos foi detido na noite desta ter\u00e7a-feira (31) em Governador Valadares. Segundo a PM, o jovem estava em atitude suspeita no Bairro Turmalina e j\u00e1 possu\u00eda passagens pela pol\u00edcia.<\/p>\n<p>Com a autoriza\u00e7\u00e3o do pai do rapaz, os militares fizeram buscas na resid\u00eancia dele, encontrando 11 buchas de maconha no quarto do adolescente. O material foi apreendido e encaminhado para a Delegacia Civil junto com o menor e o representante legal dele.<\/p>\n<p><strong>VER PRIMEIRO<\/strong><\/p>\n<p><strong>Receba as not\u00edcias do Aconteceu no Vale em primeira m\u00e3o. Clique em curtir no endere\u00e7o <a href=\"https:\/\/www.facebook.com\/aconteceunovale\" target=\"_blank\"><font color=\"red\">www.facebook.com\/aconteceunovale<\/font><\/a> ou no box abaixo:<\/strong><\/p>\n<div class=\"fb-like\" data-href=\"https:\/\/www.facebook.com\/aconteceunovale\" data-width=\"120\" data-layout=\"standard\" data-action=\"like\" data-size=\"small\" data-show-faces=\"true\" data-share=\"true\"><\/div>\n<p><\/br><\/p>\n<p><em>(Fonte: G1 dos Vales)<\/em><\/p>\n","protected":false},"excerpt":{"rendered":"<p>A Pol\u00edcia Militar apreendeu sete barras de maconha prensada no in\u00edcio da tarde de quinta-feira (2\/2\/2017) em Governador Valadares, no Vale do Rio Doce. Segundo a corpora\u00e7\u00e3o, a droga foi encontrada ap\u00f3s uma den\u00fancia an\u00f4nima. O material estava em um lote vago pr\u00f3ximo a um c\u00f3rrego no fim de uma avenida do Bairro Vila Isa. [&hellip;]<\/p>\n","protected":false},"author":1,"featured_media":108306,"comment_status":"open","ping_status":"closed","sticky":false,"template":"","format":"standard","meta":{"amp_status":"","footnotes":""},"categories":[121],"tags":[57714,138375,99693,247,138376,46661,62424],"class_list":["post-108305","post","type-post","status-publish","format-standard","has-post-thumbnail","hentry","category-leste","tag-apreensao-de-drogas-em-governador-valadares","tag-apreensao-de-maconha-prensada-em-governador-valadares","tag-drogas-apreendidas-em-governador-valadares","tag-governador-valadares","tag-grande-quantidade-de-droga-e-apreendida-pela-policia-militar-em-governador-valadares","tag-trafico-de-drogas-em-governador-valadares","tag-trafico-em-governador-valadares"],"_links":{"self":[{"href":"https:\/\/aconteceunovale.com.br\/portal\/index.php?rest_route=\/wp\/v2\/posts\/108305","targetHints":{"allow":["GET"]}}],"collection":[{"href":"https:\/\/aconteceunovale.com.br\/portal\/index.php?rest_route=\/wp\/v2\/posts"}],"about":[{"href":"https:\/\/aconteceunovale.com.br\/portal\/index.php?rest_route=\/wp\/v2\/types\/post"}],"author":[{"embeddable":true,"href":"https:\/\/aconteceunovale.com.br\/portal\/index.php?rest_route=\/wp\/v2\/users\/1"}],"replies":[{"embeddable":true,"href":"https:\/\/aconteceunovale.com.br\/portal\/index.php?rest_route=%2Fwp%2Fv2%2Fcomments&post=108305"}],"version-history":[{"count":0,"href":"https:\/\/aconteceunovale.com.br\/portal\/index.php?rest_route=\/wp\/v2\/posts\/108305\/revisions"}],"wp:featuredmedia":[{"embeddable":true,"href":"https:\/\/aconteceunovale.com.br\/portal\/index.php?rest_route=\/wp\/v2\/media\/108306"}],"wp:attachment":[{"href":"https:\/\/aconteceunovale.com.br\/portal\/index.php?rest_route=%2Fwp%2Fv2%2Fmedia&parent=108305"}],"wp:term":[{"taxonomy":"category","embeddable":true,"href":"https:\/\/aconteceunovale.com.br\/portal\/index.php?rest_route=%2Fwp%2Fv2%2Fcategories&post=108305"},{"taxonomy":"post_tag","embeddable":true,"href":"https:\/\/aconteceunovale.com.br\/portal\/index.php?rest_route=%2Fwp%2Fv2%2Ftags&post=108305"}],"curies":[{"name":"wp","href":"https:\/\/api.w.org\/{rel}","templated":true}]}}