{"id":108300,"date":"2017-02-04T20:45:39","date_gmt":"2017-02-04T22:45:39","guid":{"rendered":"http:\/\/aconteceunovale.com.br\/portal\/?p=108300"},"modified":"2017-02-04T20:45:39","modified_gmt":"2017-02-04T22:45:39","slug":"ministro-da-saude-visita-governador-valadares-e-anuncia-liberacao-de-r-543-milhoes-para-o-estado","status":"publish","type":"post","link":"https:\/\/aconteceunovale.com.br\/portal\/?p=108300","title":{"rendered":"Ministro da Sa\u00fade visita Governador Valadares e anuncia libera\u00e7\u00e3o de R$ 543 milh\u00f5es para o Estado"},"content":{"rendered":"<p>O Ministro da Sa\u00fade Ricardo Barros visitou Governador Valadares na manh\u00e3 desta sexta-feira (3\/2\/2017) e anunciou recursos para a finaliza\u00e7\u00e3o da obra do Hospital Regional, que est\u00e1 sendo constru\u00eddo na cidade.<\/p>\n<p>\u201cTemos v\u00e1rios hospitais como estes, iguais at\u00e9 na planta, e que est\u00e3o em constru\u00e7\u00e3o no Estado. N\u00f3s vamos fazer um grande acordo para viabilizar o custeio da obra; o mais dif\u00edcil \u00e9 custear o hospital em funcionamento, e, tendo o acordo para funcionamento, poderemos concluir a obra. Eventualmente, o Governo Federal poder\u00e1 auxiliar com equipamentos, se for necess\u00e1rio. A obra est\u00e1 no or\u00e7amento do Estado, que j\u00e1 destinou R$ 25 milh\u00f5es este ano&#8221;.<\/p>\n<p>Para o prefeito de Governador Valadares, Andr\u00e9 Merlo, a conclus\u00e3o do Hospital Regional ser\u00e1 importante para toda a regi\u00e3o. \u201cHoje o nosso Hospital Municipal trabalha como regional e n\u00f3s n\u00e3o podemos fechar as portas porque somos 100% SUS e precisamos da ajuda do governo estadual e principalmente do federal; o ministro [Ricardo Barros] vai nos auxiliar nesse sentido. A obra \u00e9 do governo estadual e a manuten\u00e7\u00e3o ser\u00e1 tripartite (entre Uni\u00e3o, estado e munic\u00edpio)\u201d.<\/p>\n<p>Quem tamb\u00e9m comemorou a presen\u00e7a do ministro foi o prefeito de Coronel Fabriciano, Marcos Vin\u00edcius Bizarro, que falou sobre obras para a cidade. \u201cPara n\u00f3s, essa visita \u00e9 de grande valia, pois ele traz tamb\u00e9m para nossa cidade o comprometimento de instalar a nossa UPA em Coronel Fabriciano, que era uma reivindica\u00e7\u00e3o antiga da cidade\u201d.<\/p>\n<p>Durante o encontro com prefeitos e lideran\u00e7as da regi\u00e3o, o ministro Ricardo Barros anunciou ainda a libera\u00e7\u00e3o de R$ 543 milh\u00f5es em recursos para a sa\u00fade em Minas Gerais, sendo que R$ 200 mi ser\u00e3o para custeio de servi\u00e7os permanentes, e o restante por meio de emendas parlamentares.<\/p>\n<p><strong>Febre amarela<\/strong><\/p>\n<p>Questionado sobre o aux\u00edlio aos munic\u00edpios onde foram registradas notifica\u00e7\u00f5es de casos de febre amarela, Ricardo Barros revelou que o Governo Federal vai liberar R$ 40 milh\u00f5es para ajudar na preven\u00e7\u00e3o e tratamento da doen\u00e7a.<\/p>\n<p>\u201cFaremos o repasse de R$ 40 milh\u00f5es para os munic\u00edpios que foram atingidos pela vacina\u00e7\u00e3o em massa, e o atendimento assistencial aos que apresentaram sintomas de febre amarela. Al\u00e9m disso, ressarciremos todos os custos e pagaremos todos os procedimentos feitos para o atendimento dessas pessoas&#8221;, disse.<\/p>\n<p><strong>VER PRIMEIRO<\/strong><\/p>\n<p><strong>Receba as not\u00edcias do Aconteceu no Vale em primeira m\u00e3o. Clique em curtir no endere\u00e7o <a href=\"https:\/\/www.facebook.com\/aconteceunovale\" target=\"_blank\"><font color=\"red\">www.facebook.com\/aconteceunovale<\/font><\/a> ou no box abaixo:<\/strong><\/p>\n<div class=\"fb-like\" data-href=\"https:\/\/www.facebook.com\/aconteceunovale\" data-width=\"120\" data-layout=\"standard\" data-action=\"like\" data-size=\"small\" data-show-faces=\"true\" data-share=\"true\"><\/div>\n<p><\/br><\/p>\n<p><em>(Fonte: G1 dos Vales)<\/em><\/p>\n","protected":false},"excerpt":{"rendered":"<p>O Ministro da Sa\u00fade Ricardo Barros visitou Governador Valadares na manh\u00e3 desta sexta-feira (3\/2\/2017) e anunciou recursos para a finaliza\u00e7\u00e3o da obra do Hospital Regional, que est\u00e1 sendo constru\u00eddo na cidade. \u201cTemos v\u00e1rios hospitais como estes, iguais at\u00e9 na planta, e que est\u00e3o em constru\u00e7\u00e3o no Estado. N\u00f3s vamos fazer um grande acordo para viabilizar [&hellip;]<\/p>\n","protected":false},"author":1,"featured_media":93933,"comment_status":"open","ping_status":"closed","sticky":false,"template":"","format":"standard","meta":{"amp_status":"","footnotes":""},"categories":[121],"tags":[101405,138368,247,8739,137211,138364,138362,138365,138366,138369,138367,138363],"class_list":["post-108300","post","type-post","status-publish","format-standard","has-post-thumbnail","hentry","category-leste","tag-andre-merlo","tag-conclusao-do-hospital-regional-de-prefeito-de-governador-valadares","tag-governador-valadares","tag-hospital-regional-de-governador-valadares","tag-marcos-vinicius-bizarro","tag-ministro-da-saude-em-governador-valadares","tag-ministro-da-saude-ricardo-barros-visitou-governador-valadares","tag-ministro-da-saude-visita-governador-valadares-e-anuncia-liberacao-de-r-543-milhoes","tag-ministro-da-saude-visita-governador-valadares-e-anuncia-liberacao-de-r-543-milhoes-para-o-estado","tag-prefeito-de-coronel-fabriciano","tag-prefeito-de-governador-valadares","tag-ricardo-barros-em-governador-valadares"],"_links":{"self":[{"href":"https:\/\/aconteceunovale.com.br\/portal\/index.php?rest_route=\/wp\/v2\/posts\/108300","targetHints":{"allow":["GET"]}}],"collection":[{"href":"https:\/\/aconteceunovale.com.br\/portal\/index.php?rest_route=\/wp\/v2\/posts"}],"about":[{"href":"https:\/\/aconteceunovale.com.br\/portal\/index.php?rest_route=\/wp\/v2\/types\/post"}],"author":[{"embeddable":true,"href":"https:\/\/aconteceunovale.com.br\/portal\/index.php?rest_route=\/wp\/v2\/users\/1"}],"replies":[{"embeddable":true,"href":"https:\/\/aconteceunovale.com.br\/portal\/index.php?rest_route=%2Fwp%2Fv2%2Fcomments&post=108300"}],"version-history":[{"count":0,"href":"https:\/\/aconteceunovale.com.br\/portal\/index.php?rest_route=\/wp\/v2\/posts\/108300\/revisions"}],"wp:featuredmedia":[{"embeddable":true,"href":"https:\/\/aconteceunovale.com.br\/portal\/index.php?rest_route=\/wp\/v2\/media\/93933"}],"wp:attachment":[{"href":"https:\/\/aconteceunovale.com.br\/portal\/index.php?rest_route=%2Fwp%2Fv2%2Fmedia&parent=108300"}],"wp:term":[{"taxonomy":"category","embeddable":true,"href":"https:\/\/aconteceunovale.com.br\/portal\/index.php?rest_route=%2Fwp%2Fv2%2Fcategories&post=108300"},{"taxonomy":"post_tag","embeddable":true,"href":"https:\/\/aconteceunovale.com.br\/portal\/index.php?rest_route=%2Fwp%2Fv2%2Ftags&post=108300"}],"curies":[{"name":"wp","href":"https:\/\/api.w.org\/{rel}","templated":true}]}}