{"id":108108,"date":"2017-02-01T22:58:33","date_gmt":"2017-02-02T00:58:33","guid":{"rendered":"http:\/\/aconteceunovale.com.br\/portal\/?p=108108"},"modified":"2017-02-01T22:59:25","modified_gmt":"2017-02-02T00:59:25","slug":"parceria-entre-capelinha-e-veredinha-deve-resolver-problema-de-abastecimento-de-agua-em-vendinhas","status":"publish","type":"post","link":"https:\/\/aconteceunovale.com.br\/portal\/?p=108108","title":{"rendered":"Parceria entre Capelinha e Veredinha deve resolver problema de abastecimento de \u00e1gua em Vendinhas"},"content":{"rendered":"<p>Uma parceria entre as administra\u00e7\u00f5es municipais de Capelinha e Veredinha deve resolver o abastecimento de \u00e1gua em Vendinhas. Na manh\u00e3 desta quarta-feira (01\/02\/2017), por interm\u00e9dio dos vereadores Cleuber Luiz de Miranda e Velson Geraldo Ferreira Macedo, foi realizada em Capelinha uma reuni\u00e3o entre os prefeitos Tadeuzinho Abreu e Edilson Nunes com o objetivo de debater o s\u00e9rio problema enfrentado h\u00e1 anos pelos moradores do povoado localizado na divisa entre os dois munic\u00edpios.<\/p>\n<p>Segundo informa\u00e7\u00f5es apuradas junto a Copanor, empresa subsidi\u00e1ria da Companhia de Saneamento de Minas Gerais (Copasa), a \u00fanica forma de solucionar o problema seria o bombeamento de \u00e1gua do Galego. Sendo assim, o prefeito Tadeuzinho solicitou \u00e0 Associa\u00e7\u00e3o dos Munic\u00edpios do Alto Jequitinhonha (AMAJE) a libera\u00e7\u00e3o de um profissional da \u00e1rea de topografia para elabora\u00e7\u00e3o de projeto.<\/p>\n<p>Com os dados em m\u00e3os, os administradores dos dois munic\u00edpios solicitar\u00e3o ao Governo Estadual, atrav\u00e9s da Secretaria de Estado de Desenvolvimento e Integra\u00e7\u00e3o do Norte e Nordeste de Minas Gerais (Sedinor), a libera\u00e7\u00e3o dos tubos, que ser\u00e3o repassados \u00e0 Copanor, para realiza\u00e7\u00e3o da obra. <\/p>\n<p><em>\u201cOs desafios s\u00e3o muitos, mas com boa vontade e parcerias, acredito que ser\u00e3o vencidos.\u201d<\/em>, salientou o vereador Cleuber Luiz.<\/p>\n<p><img decoding=\"async\" src=\"http:\/\/aconteceunovale.com.br\/portal\/wp-content\/uploads\/2017\/02\/parceria_cap_veredinha.jpg\" alt=\"\" \/><em>Cleuber, Edilson, Tadeuzinho e Velson (Foto: Divulga\u00e7\u00e3o)<\/em><br \/>\n<\/br><\/p>\n<p><strong>VER PRIMEIRO<\/strong><\/p>\n<p><strong>Receba as not\u00edcias do Aconteceu no Vale em primeira m\u00e3o. Clique em curtir no endere\u00e7o <a href=\"https:\/\/www.facebook.com\/aconteceunovale\" target=\"_blank\"><font color=\"red\">www.facebook.com\/aconteceunovale<\/font><\/a> ou no box abaixo:<\/strong><\/p>\n<div class=\"fb-like\" data-href=\"https:\/\/www.facebook.com\/aconteceunovale\" data-width=\"120\" data-layout=\"standard\" data-action=\"like\" data-size=\"small\" data-show-faces=\"true\" data-share=\"true\"><\/div>\n<p><\/br><\/p>\n","protected":false},"excerpt":{"rendered":"<p>Uma parceria entre as administra\u00e7\u00f5es municipais de Capelinha e Veredinha deve resolver o abastecimento de \u00e1gua em Vendinhas. Na manh\u00e3 desta quarta-feira (01\/02\/2017), por interm\u00e9dio dos vereadores Cleuber Luiz de Miranda e Velson Geraldo Ferreira Macedo, foi realizada em Capelinha uma reuni\u00e3o entre os prefeitos Tadeuzinho Abreu e Edilson Nunes com o objetivo de debater [&hellip;]<\/p>\n","protected":false},"author":1,"featured_media":108109,"comment_status":"open","ping_status":"closed","sticky":false,"template":"","format":"standard","meta":{"amp_status":"","footnotes":""},"categories":[120],"tags":[132,23262,974,179,138042,138040,133800,138041,916],"class_list":["post-108108","post","type-post","status-publish","format-standard","has-post-thumbnail","hentry","category-jequi","tag-capelinha","tag-cleuber-luiz-de-miranda","tag-copanor","tag-copasa","tag-edilson-nunes","tag-parceria-entre-capelinha-e-veredinha-deve-resolver-problema-de-abastecimento-de-agua-em-vendinhas","tag-tadeuzinho-abreu","tag-velson-geraldo-ferreira-macedo","tag-veredinha"],"_links":{"self":[{"href":"https:\/\/aconteceunovale.com.br\/portal\/index.php?rest_route=\/wp\/v2\/posts\/108108","targetHints":{"allow":["GET"]}}],"collection":[{"href":"https:\/\/aconteceunovale.com.br\/portal\/index.php?rest_route=\/wp\/v2\/posts"}],"about":[{"href":"https:\/\/aconteceunovale.com.br\/portal\/index.php?rest_route=\/wp\/v2\/types\/post"}],"author":[{"embeddable":true,"href":"https:\/\/aconteceunovale.com.br\/portal\/index.php?rest_route=\/wp\/v2\/users\/1"}],"replies":[{"embeddable":true,"href":"https:\/\/aconteceunovale.com.br\/portal\/index.php?rest_route=%2Fwp%2Fv2%2Fcomments&post=108108"}],"version-history":[{"count":0,"href":"https:\/\/aconteceunovale.com.br\/portal\/index.php?rest_route=\/wp\/v2\/posts\/108108\/revisions"}],"wp:featuredmedia":[{"embeddable":true,"href":"https:\/\/aconteceunovale.com.br\/portal\/index.php?rest_route=\/wp\/v2\/media\/108109"}],"wp:attachment":[{"href":"https:\/\/aconteceunovale.com.br\/portal\/index.php?rest_route=%2Fwp%2Fv2%2Fmedia&parent=108108"}],"wp:term":[{"taxonomy":"category","embeddable":true,"href":"https:\/\/aconteceunovale.com.br\/portal\/index.php?rest_route=%2Fwp%2Fv2%2Fcategories&post=108108"},{"taxonomy":"post_tag","embeddable":true,"href":"https:\/\/aconteceunovale.com.br\/portal\/index.php?rest_route=%2Fwp%2Fv2%2Ftags&post=108108"}],"curies":[{"name":"wp","href":"https:\/\/api.w.org\/{rel}","templated":true}]}}