{"id":108104,"date":"2017-02-01T22:33:09","date_gmt":"2017-02-02T00:33:09","guid":{"rendered":"http:\/\/aconteceunovale.com.br\/portal\/?p=108104"},"modified":"2017-02-01T22:33:09","modified_gmt":"2017-02-02T00:33:09","slug":"eunicio-oliveira-e-o-novo-presidente-do-senado-federal","status":"publish","type":"post","link":"https:\/\/aconteceunovale.com.br\/portal\/?p=108104","title":{"rendered":"Eun\u00edcio Oliveira \u00e9 o novo presidente do Senado Federal"},"content":{"rendered":"<p>O senador Eun\u00edcio Oliveira (PMDB-CE) foi eleito h\u00e1 pouco presidente do Senado Federal para o bi\u00eanio 2017\/2018. Eun\u00edcio teve 61 votos e venceu Jos\u00e9 Medeiros (PSD-MT), que conquistou o apoio de 10 senadores. Outros dez senadores votaram em branco.<\/p>\n<p>A elei\u00e7\u00e3o confirmou o favoritismo do peemedebista e confere ao PMDB um dom\u00ednio de 12 anos no comando da Casa. Eun\u00edcio substitui o senador Renan Calheiros (PMDB-AL), que passar\u00e1 a ocupar a lideran\u00e7a do partido na Casa. O cargo era ocupado por Eun\u00edcio.<\/p>\n<p>A sess\u00e3o deveria ter come\u00e7ado \u00e0s 16h, mas s\u00f3 teve in\u00edcio \u00e0s 17h35 porque os l\u00edderes partid\u00e1rios fizeram longas reuni\u00f5es para definir a ocupa\u00e7\u00e3o dos demais cargos da Mesa Diretora, conforme a regra da proporcionalidade das legendas.<\/p>\n<p>Na mesma sess\u00e3o, foi feita a comunica\u00e7\u00e3o \u00e0 Mesa dos novos l\u00edderes partid\u00e1rios. O PTB indicou  Armando Monteiro Neto (PE) para a lideran\u00e7a, o PSD escolheu Omar Aziz (AM) e o PP, Benedito de Lira (AL). Ronaldo Caiado (GO) e Paulo Bauer (SC) foram reconduzidos \u00e0 lideran\u00e7a do DEM e do PSDB, respectivamente.<\/p>\n<p><img decoding=\"async\" src=\"http:\/\/aconteceunovale.com.br\/portal\/wp-content\/uploads\/2017\/02\/eunicio_oliveira.jpg\" alt=\"\" \/><em>Eun\u00edcio Oliveira foi eleito presidente do Senado (F\u00e1bio Rodrigues Pozzebom\/Ag\u00eancia Brasil)<\/em><br \/>\n<\/br><\/p>\n<p><strong>Balan\u00e7o<\/strong><\/p>\n<p>Pouco antes do an\u00fancio do resultado, Renan Calheiros discursou para fazer um balan\u00e7o de sua gest\u00e3o. Ele lembrou epis\u00f3dios em que entrou em pol\u00eamicas com o Poder Judici\u00e1rio, como quando foi afastado do cargo por decis\u00e3o liminar do ministro do Supremo Tribunal Federal Marco Aurelio e, posteriormente, reconduzido.<\/p>\n<p>Renan fez v\u00e1rias refer\u00eancias \u00e0 Opera\u00e7\u00e3o Lava Jato e as considerou tentativas de intimida\u00e7\u00e3o dos membros do Congresso Nacional. \u201cJamais seria presidente do Senado Federal e do Congresso Nacional para me conduzir com medo ou temor\u201d, disse. \u201cOs eleitos do sistema representativo n\u00e3o podem se transformar numa manada regida pela publicidade opressiva\u201d, acrescentou, cobrando a quebra do sigilo da dela\u00e7\u00e3o premiads de executivos da Odebrecht, homologadas esta semana pela presidente do Supremo Tribunal Federal, C\u00e1rmen L\u00facia.<\/p>\n<p>O senador lembrou ainda o epis\u00f3dio em que policiais legislativos foram presos e foi feita busca e apreens\u00e3o nas depend\u00eancias da Pol\u00edcia do Senado. \u201cQuando esta Casa foi invadida, reagimos \u00e0 altura. Algumas vezes, de maneira enf\u00e1tica, porque o epis\u00f3dio exigia. Sempre buscamos o direito na Justi\u00e7a, com uma decis\u00e3o que foi reformada pelo Supremo Tribunal Federal, devolvendo o equil\u00edbrio entre os Poderes.\u201d<\/p>\n<p>No discurso, Renan citou os principais projetos aprovados nos \u00faltimos dois anos e as medidas de austeridade adotadas na administra\u00e7\u00e3o do Senado para reduzir os custos e otimizar os investimentos, al\u00e9m do processo de impeachment da presidenta Dilma Rousseff.<\/p>\n<p>Renan tamb\u00e9m lembrou que, em junho de 2013, \u201co Senado trabalhou com a multid\u00e3o batendo \u00e0 sua porta\u201d, por causa das manifesta\u00e7\u00f5es de rua espont\u00e2neas que se iniciaram naquele m\u00eas e ressaltou que, naquele per\u00edodo, os parlamentares buscaram aprovar medidas de combate \u00e0 corrup\u00e7\u00e3o como a extens\u00e3o da Lei da Ficha Limpa para servidores p\u00fablicos e o fim da aposentadoria compuls\u00f3ria para ju\u00edzes e membros do Minist\u00e9rio P\u00fablico que cometem crimes de responsabilidade \u2013 projeto que n\u00e3o foi aprovado ainda pela C\u00e2mara.<\/p>\n<p><strong>VER PRIMEIRO<\/strong><\/p>\n<p><strong>Receba as not\u00edcias do Aconteceu no Vale em primeira m\u00e3o. Clique em curtir no endere\u00e7o <a href=\"https:\/\/www.facebook.com\/aconteceunovale\" target=\"_blank\"><font color=\"red\">www.facebook.com\/aconteceunovale<\/font><\/a> ou no box abaixo:<\/strong><\/p>\n<div class=\"fb-like\" data-href=\"https:\/\/www.facebook.com\/aconteceunovale\" data-width=\"120\" data-layout=\"standard\" data-action=\"like\" data-size=\"small\" data-show-faces=\"true\" data-share=\"true\"><\/div>\n<p><\/br><\/p>\n<p><em>(Fonte: Ag\u00eancia Brasil)<\/em><\/p>\n","protected":false},"excerpt":{"rendered":"<p>O senador Eun\u00edcio Oliveira (PMDB-CE) foi eleito h\u00e1 pouco presidente do Senado Federal para o bi\u00eanio 2017\/2018. Eun\u00edcio teve 61 votos e venceu Jos\u00e9 Medeiros (PSD-MT), que conquistou o apoio de 10 senadores. Outros dez senadores votaram em branco. A elei\u00e7\u00e3o confirmou o favoritismo do peemedebista e confere ao PMDB um dom\u00ednio de 12 anos [&hellip;]<\/p>\n","protected":false},"author":1,"featured_media":108105,"comment_status":"open","ping_status":"closed","sticky":false,"template":"","format":"standard","meta":{"amp_status":"","footnotes":""},"categories":[6,40240],"tags":[1018,138037,138035,138036,42445,138039,138038,138034,18096,138033,138032,28594,21938,138031],"class_list":["post-108104","post","type-post","status-publish","format-standard","has-post-thumbnail","hentry","category-br","category-politica-2","tag-destaque","tag-eleicao-do-presidente-do-senado","tag-eleicao-para-presidente-do-senado-federal","tag-escolha-do-presidente-do-senado-federal","tag-eunicio-oliveira","tag-eunicio-oliveira-e-o-novo-presidente-do-senado-federal","tag-eunicio-oliveira-foi-eleito-presidente-do-senado","tag-novo-presidente-do-senado-federal","tag-pmdb","tag-presidente-do-senado-federal","tag-presidente-do-senado-federal-para-o-bienio-20172018","tag-renan-calheiros","tag-senado","tag-senador-eunicio-oliveira"],"_links":{"self":[{"href":"https:\/\/aconteceunovale.com.br\/portal\/index.php?rest_route=\/wp\/v2\/posts\/108104","targetHints":{"allow":["GET"]}}],"collection":[{"href":"https:\/\/aconteceunovale.com.br\/portal\/index.php?rest_route=\/wp\/v2\/posts"}],"about":[{"href":"https:\/\/aconteceunovale.com.br\/portal\/index.php?rest_route=\/wp\/v2\/types\/post"}],"author":[{"embeddable":true,"href":"https:\/\/aconteceunovale.com.br\/portal\/index.php?rest_route=\/wp\/v2\/users\/1"}],"replies":[{"embeddable":true,"href":"https:\/\/aconteceunovale.com.br\/portal\/index.php?rest_route=%2Fwp%2Fv2%2Fcomments&post=108104"}],"version-history":[{"count":0,"href":"https:\/\/aconteceunovale.com.br\/portal\/index.php?rest_route=\/wp\/v2\/posts\/108104\/revisions"}],"wp:featuredmedia":[{"embeddable":true,"href":"https:\/\/aconteceunovale.com.br\/portal\/index.php?rest_route=\/wp\/v2\/media\/108105"}],"wp:attachment":[{"href":"https:\/\/aconteceunovale.com.br\/portal\/index.php?rest_route=%2Fwp%2Fv2%2Fmedia&parent=108104"}],"wp:term":[{"taxonomy":"category","embeddable":true,"href":"https:\/\/aconteceunovale.com.br\/portal\/index.php?rest_route=%2Fwp%2Fv2%2Fcategories&post=108104"},{"taxonomy":"post_tag","embeddable":true,"href":"https:\/\/aconteceunovale.com.br\/portal\/index.php?rest_route=%2Fwp%2Fv2%2Ftags&post=108104"}],"curies":[{"name":"wp","href":"https:\/\/api.w.org\/{rel}","templated":true}]}}