{"id":108094,"date":"2017-02-01T21:17:32","date_gmt":"2017-02-01T23:17:32","guid":{"rendered":"http:\/\/aconteceunovale.com.br\/portal\/?p=108094"},"modified":"2017-02-01T21:20:18","modified_gmt":"2017-02-01T23:20:18","slug":"integrantes-de-faccao-criminosa-sao-presos-com-armas-e-drogas-em-janauba","status":"publish","type":"post","link":"https:\/\/aconteceunovale.com.br\/portal\/?p=108094","title":{"rendered":"Integrantes de fac\u00e7\u00e3o criminosa s\u00e3o presos com armas e drogas em Jana\u00faba"},"content":{"rendered":"<p>Quatro homens foram presos na tarde desta quarta-feira (01\/02\/2017) suspeitos de envolvimento com o tr\u00e1fico de drogas em Jana\u00faba, no Norte de Minas. Um denunciante informou \u00e0 Pol\u00edcia Militar que duas fac\u00e7\u00f5es criminosas disputavam o comando do tr\u00e1fico na comunidade de Vila Nova dos Po\u00e7\u00f5es, zona rural do munic\u00edpio.<\/p>\n<p>Militares do servi\u00e7o de intelig\u00eancia foram ao local indicado e perceberam intensa movimenta\u00e7\u00e3o de pessoas em uma resid\u00eancia. A PM afirma que o propriet\u00e1rio do im\u00f3vel foi visto se movimentando com uma arma de fogo.<\/p>\n<p>Ap\u00f3s pedirem refor\u00e7o de outras viaturas, os militares fizeram a abordagem e localizaram cinco armas de fogo dentro da casa; um rev\u00f3lver e quatro espingardas. Dentro do im\u00f3vel foram apreendidas ainda maconha, crack e R$ 390, trocado em notas de menor valor.<\/p>\n<p>No momento da abordagem havia quatro homens, com idades entre 21 e 25 anos, dentro da casa; todos possuem passagens por tr\u00e1fico de drogas. Eles foram presos e levados para a delegacia, junto ao material apreendido.<\/p>\n<p><img decoding=\"async\" src=\"http:\/\/aconteceunovale.com.br\/portal\/wp-content\/uploads\/2017\/02\/trafico_janauba.jpg\" alt=\"\" \/><em>Material apreendido na Vila Nova dos Po\u00e7\u00f5es (Foto: Pol\u00edcia Militar\/Divulga\u00e7\u00e3o)<\/em><br \/>\n<\/br><\/p>\n<p><strong>VER PRIMEIRO<\/strong><\/p>\n<p><strong>Receba as not\u00edcias do Aconteceu no Vale em primeira m\u00e3o. Clique em curtir no endere\u00e7o <a href=\"https:\/\/www.facebook.com\/aconteceunovale\" target=\"_blank\"><font color=\"red\">www.facebook.com\/aconteceunovale<\/font><\/a> ou no box abaixo:<\/strong><\/p>\n<div class=\"fb-like\" data-href=\"https:\/\/www.facebook.com\/aconteceunovale\" data-width=\"120\" data-layout=\"standard\" data-action=\"like\" data-size=\"small\" data-show-faces=\"true\" data-share=\"true\"><\/div>\n<p><\/br><\/p>\n<p><em>(Fonte: G1 Grande Minas)<\/em><\/p>\n","protected":false},"excerpt":{"rendered":"<p>Quatro homens foram presos na tarde desta quarta-feira (01\/02\/2017) suspeitos de envolvimento com o tr\u00e1fico de drogas em Jana\u00faba, no Norte de Minas. Um denunciante informou \u00e0 Pol\u00edcia Militar que duas fac\u00e7\u00f5es criminosas disputavam o comando do tr\u00e1fico na comunidade de Vila Nova dos Po\u00e7\u00f5es, zona rural do munic\u00edpio. Militares do servi\u00e7o de intelig\u00eancia foram [&hellip;]<\/p>\n","protected":false},"author":1,"featured_media":108095,"comment_status":"open","ping_status":"closed","sticky":false,"template":"","format":"standard","meta":{"amp_status":"","footnotes":""},"categories":[1236],"tags":[138015,138016,204,131381,138013,138012,120474,138014],"class_list":["post-108094","post","type-post","status-publish","format-standard","has-post-thumbnail","hentry","category-norte_de_minas","tag-comando-do-trafico-na-comunidade-de-vila-nova-dos-pocoes","tag-integrantes-de-faccao-criminosa-sao-presos-com-armas-e-drogas-em-janauba","tag-janauba","tag-presos-em-janauba","tag-presos-por-trafico-de-drogas-em-janauba","tag-traficantes-presos-em-janauba","tag-trafico-de-drogas-em-janauba","tag-vila-nova-dos-pocoes"],"_links":{"self":[{"href":"https:\/\/aconteceunovale.com.br\/portal\/index.php?rest_route=\/wp\/v2\/posts\/108094","targetHints":{"allow":["GET"]}}],"collection":[{"href":"https:\/\/aconteceunovale.com.br\/portal\/index.php?rest_route=\/wp\/v2\/posts"}],"about":[{"href":"https:\/\/aconteceunovale.com.br\/portal\/index.php?rest_route=\/wp\/v2\/types\/post"}],"author":[{"embeddable":true,"href":"https:\/\/aconteceunovale.com.br\/portal\/index.php?rest_route=\/wp\/v2\/users\/1"}],"replies":[{"embeddable":true,"href":"https:\/\/aconteceunovale.com.br\/portal\/index.php?rest_route=%2Fwp%2Fv2%2Fcomments&post=108094"}],"version-history":[{"count":0,"href":"https:\/\/aconteceunovale.com.br\/portal\/index.php?rest_route=\/wp\/v2\/posts\/108094\/revisions"}],"wp:featuredmedia":[{"embeddable":true,"href":"https:\/\/aconteceunovale.com.br\/portal\/index.php?rest_route=\/wp\/v2\/media\/108095"}],"wp:attachment":[{"href":"https:\/\/aconteceunovale.com.br\/portal\/index.php?rest_route=%2Fwp%2Fv2%2Fmedia&parent=108094"}],"wp:term":[{"taxonomy":"category","embeddable":true,"href":"https:\/\/aconteceunovale.com.br\/portal\/index.php?rest_route=%2Fwp%2Fv2%2Fcategories&post=108094"},{"taxonomy":"post_tag","embeddable":true,"href":"https:\/\/aconteceunovale.com.br\/portal\/index.php?rest_route=%2Fwp%2Fv2%2Ftags&post=108094"}],"curies":[{"name":"wp","href":"https:\/\/api.w.org\/{rel}","templated":true}]}}